{"id":278340,"date":"2023-04-07T22:20:45","date_gmt":"2023-04-07T19:20:45","guid":{"rendered":"https:\/\/sana.sy\/tr\/?p=278340"},"modified":"2023-04-09T09:04:15","modified_gmt":"2023-04-09T06:04:15","slug":"ordu-lazkiye-kirsalinda-bir-dizi-teroristi-ortadan-kaldirdi","status":"publish","type":"post","link":"https:\/\/archive.sana.sy\/tr\/?p=278340","title":{"rendered":"Ordu, Lazkiye K\u0131rsal\u0131nda Birka\u00e7 Ter\u00f6risti \u00d6ld\u00fcrd\u00fc"},"content":{"rendered":"<p>LAZK\u0130YE \u2013 Lazkiye&#8217;nin kuzey k\u0131rsal\u0131nda faaliyet g\u00f6steren Suriye Arap Ordusu birlikleri, bir ter\u00f6rist grup taraf\u0131ndan ba\u015flat\u0131lan bir sald\u0131r\u0131y\u0131 p\u00fcsk\u00fcrterek, baz\u0131 \u00fcyelerini \u00f6ld\u00fcrd\u00fc ve di\u011ferlerini yaralad\u0131.<\/p>\n<p>Savunma Bakanl\u0131\u011f\u0131, &#8220;Silahl\u0131 kuvvetlerimizin bir birli\u011finin, bir ter\u00f6rist grubun Lazkiye&#8217;nin kuzey k\u0131rsal\u0131nda d\u00fczenledi\u011fi ve sald\u0131ran ter\u00f6ristlerin bir k\u0131sm\u0131n\u0131n \u00f6l\u00fcm\u00fcne ve bir k\u0131sm\u0131n\u0131n da yaralanmas\u0131na yol a\u00e7an bir sald\u0131r\u0131y\u0131 p\u00fcsk\u00fcrtt\u00fc\u011f\u00fcn\u00fc&#8221; belirtti.<\/p>\n<p>Bakanl\u0131k, &#8220;\u00f6len ter\u00f6ristlerden birinin cenazesi t\u00fcm te\u00e7hizat\u0131 ve silahlar\u0131yla birlikte \u00e7ekilmi\u015f olup, yabanc\u0131 uyruklu olup Ebu Katade olarak an\u0131lmaktad\u0131r&#8221; dedi.<\/p>\n<p><a href=\"https:\/\/t.me\/SuriyeArapHaberAjansI\">Telegram Kanal\u0131m\u0131z\u00a0<\/a><\/p>\n<p><a href=\"https:\/\/www.facebook.com\/SANAHaberAjansi\/\">Facebook Sayfam\u0131z<\/a><\/p>\n","protected":false},"excerpt":{"rendered":"<p>LAZK\u0130YE \u2013 Lazkiye&#8217;nin kuzey k\u0131rsal\u0131nda faaliyet g\u00f6steren Suriye Arap Ordusu birlikleri, bir ter\u00f6rist grup taraf\u0131ndan ba\u015flat\u0131lan bir sald\u0131r\u0131y\u0131 p\u00fcsk\u00fcrterek, baz\u0131 \u00fcyelerini \u00f6ld\u00fcrd\u00fc ve di\u011ferlerini yaralad\u0131. Savunma Bakanl\u0131\u011f\u0131, &#8220;Silahl\u0131 kuvvetlerimizin bir birli\u011finin, bir ter\u00f6rist grubun Lazkiye&#8217;nin kuzey k\u0131rsal\u0131nda d\u00fczenledi\u011fi ve sald\u0131ran ter\u00f6ristlerin bir k\u0131sm\u0131n\u0131n \u00f6l\u00fcm\u00fcne ve bir k\u0131sm\u0131n\u0131n da yaralanmas\u0131na yol a\u00e7an bir sald\u0131r\u0131y\u0131 p\u00fcsk\u00fcrtt\u00fc\u011f\u00fcn\u00fc&#8221; belirtti. &hellip;<\/p>\n","protected":false},"author":36,"featured_media":278341,"comment_status":"closed","ping_status":"closed","sticky":false,"template":"","format":"standard","meta":{"footnotes":""},"categories":[479,17988,478],"tags":[],"class_list":["post-278340","post","type-post","status-publish","format-standard","has-post-thumbnail","","category-haberler-yerel","category-son-haberler","category-yerel"],"_links":{"self":[{"href":"https:\/\/archive.sana.sy\/tr\/index.php?rest_route=\/wp\/v2\/posts\/278340","targetHints":{"allow":["GET"]}}],"collection":[{"href":"https:\/\/archive.sana.sy\/tr\/index.php?rest_route=\/wp\/v2\/posts"}],"about":[{"href":"https:\/\/archive.sana.sy\/tr\/index.php?rest_route=\/wp\/v2\/types\/post"}],"author":[{"embeddable":true,"href":"https:\/\/archive.sana.sy\/tr\/index.php?rest_route=\/wp\/v2\/users\/36"}],"replies":[{"embeddable":true,"href":"https:\/\/archive.sana.sy\/tr\/index.php?rest_route=%2Fwp%2Fv2%2Fcomments&post=278340"}],"version-history":[{"count":0,"href":"https:\/\/archive.sana.sy\/tr\/index.php?rest_route=\/wp\/v2\/posts\/278340\/revisions"}],"wp:featuredmedia":[{"embeddable":true,"href":"https:\/\/archive.sana.sy\/tr\/index.php?rest_route=\/wp\/v2\/media\/278341"}],"wp:attachment":[{"href":"https:\/\/archive.sana.sy\/tr\/index.php?rest_route=%2Fwp%2Fv2%2Fmedia&parent=278340"}],"wp:term":[{"taxonomy":"category","embeddable":true,"href":"https:\/\/archive.sana.sy\/tr\/index.php?rest_route=%2Fwp%2Fv2%2Fcategories&post=278340"},{"taxonomy":"post_tag","embeddable":true,"href":"https:\/\/archive.sana.sy\/tr\/index.php?rest_route=%2Fwp%2Fv2%2Ftags&post=278340"}],"curies":[{"name":"wp","href":"https:\/\/api.w.org\/{rel}","templated":true}]}}