{"id":278350,"date":"2023-04-08T11:51:47","date_gmt":"2023-04-08T08:51:47","guid":{"rendered":"https:\/\/sana.sy\/tr\/?p=278350"},"modified":"2023-04-09T09:04:18","modified_gmt":"2023-04-09T06:04:18","slug":"iran-islam-ulkelerini-siyonist-varligin-saldirilarina-karsi-harekete-gecmeye-cagiriyor","status":"publish","type":"post","link":"https:\/\/archive.sana.sy\/tr\/?p=278350","title":{"rendered":"\u0130ran, \u0130slam \u00dclkelerini Siyonist Varl\u0131\u011f\u0131n Sald\u0131r\u0131lar\u0131na Kar\u015f\u0131 Harekete Ge\u00e7meye \u00c7a\u011f\u0131r\u0131yor"},"content":{"rendered":"<p>TAHRAN \u2013 \u0130ran Cumhurba\u015fkan\u0131 Ebrahim Raisi, d\u00fcn ak\u015fam T\u00fcrkmenistan Devlet Ba\u015fkan\u0131 Sardar Berdimuhamedov ile yapt\u0131\u011f\u0131 telefon g\u00f6r\u00fc\u015fmesinde, i\u015fgal alt\u0131ndaki Filistin topraklar\u0131nda son zamanlarda Siyonist su\u00e7larla y\u00fczle\u015fmek i\u00e7in uyumlu \u0130slami \u00e7abalar\u0131n gereklili\u011fini vurgulad\u0131.<\/p>\n<p>\u0130ran Haber Ajans\u0131&#8217;na g\u00f6re Raisi, g\u00f6r\u00fc\u015fmede son zamanlarda Mescid-i Aksa&#8217;da ve Filistin ve L\u00fcbnan halklar\u0131na kar\u015f\u0131 Siyonist su\u00e7lara at\u0131fta bulunurken, bununla y\u00fczle\u015fmek i\u00e7in \u0130slam \u00fclkelerinin ortak \u00e7aba g\u00f6stermesi gerekti\u011fini belirtti.<\/p>\n<p>Ayn\u0131 ba\u011flamda, bir telefon g\u00f6r\u00fc\u015fmesi s\u0131ras\u0131nda \u0130ran D\u0131\u015fi\u015fleri Bakan\u0131 H\u00fcseyin Emir Abd\u00fcllehyanv e Moritanya Mohamed Salem Weld Marzouk&#8217;u Siyonist varl\u0131\u011f\u0131n sald\u0131rgan uygulamalar\u0131na kar\u015f\u0131 \u0130slam \u00fclkeleri taraf\u0131ndan tutarl\u0131 ad\u0131mlar atmaya \u00e7a\u011f\u0131rd\u0131.<\/p>\n<p>\u0130ran ve Moritanya d\u0131\u015fi\u015fleri bakanlar\u0131, Moritanya&#8217;n\u0131n \u00f6rg\u00fct\u00fcn mevcut ba\u015fkanl\u0131\u011f\u0131 g\u00f6z \u00f6n\u00fcne al\u0131nd\u0131\u011f\u0131nda, \u0130slam \u0130\u015fbirli\u011fi Te\u015fkilat\u0131 i\u00e7in acil bir toplant\u0131 yapmay\u0131 tart\u0131\u015ft\u0131lar.<\/p>\n<p><a href=\"https:\/\/t.me\/SuriyeArapHaberAjansI\">Telegram Kanal\u0131m\u0131z\u00a0<\/a><\/p>\n<p><a href=\"https:\/\/www.facebook.com\/SANAHaberAjansi\/\">Facebook Sayfam\u0131z<\/a><\/p>\n","protected":false},"excerpt":{"rendered":"<p>TAHRAN \u2013 \u0130ran Cumhurba\u015fkan\u0131 Ebrahim Raisi, d\u00fcn ak\u015fam T\u00fcrkmenistan Devlet Ba\u015fkan\u0131 Sardar Berdimuhamedov ile yapt\u0131\u011f\u0131 telefon g\u00f6r\u00fc\u015fmesinde, i\u015fgal alt\u0131ndaki Filistin topraklar\u0131nda son zamanlarda Siyonist su\u00e7larla y\u00fczle\u015fmek i\u00e7in uyumlu \u0130slami \u00e7abalar\u0131n gereklili\u011fini vurgulad\u0131. \u0130ran Haber Ajans\u0131&#8217;na g\u00f6re Raisi, g\u00f6r\u00fc\u015fmede son zamanlarda Mescid-i Aksa&#8217;da ve Filistin ve L\u00fcbnan halklar\u0131na kar\u015f\u0131 Siyonist su\u00e7lara at\u0131fta bulunurken, bununla y\u00fczle\u015fmek i\u00e7in &hellip;<\/p>\n","protected":false},"author":36,"featured_media":278351,"comment_status":"closed","ping_status":"closed","sticky":false,"template":"","format":"standard","meta":{"footnotes":""},"categories":[458,459,17988],"tags":[],"class_list":["post-278350","post","type-post","status-publish","format-standard","has-post-thumbnail","","category-dunya1","category-haberler-arap-uluslararasi-politika","category-son-haberler"],"_links":{"self":[{"href":"https:\/\/archive.sana.sy\/tr\/index.php?rest_route=\/wp\/v2\/posts\/278350","targetHints":{"allow":["GET"]}}],"collection":[{"href":"https:\/\/archive.sana.sy\/tr\/index.php?rest_route=\/wp\/v2\/posts"}],"about":[{"href":"https:\/\/archive.sana.sy\/tr\/index.php?rest_route=\/wp\/v2\/types\/post"}],"author":[{"embeddable":true,"href":"https:\/\/archive.sana.sy\/tr\/index.php?rest_route=\/wp\/v2\/users\/36"}],"replies":[{"embeddable":true,"href":"https:\/\/archive.sana.sy\/tr\/index.php?rest_route=%2Fwp%2Fv2%2Fcomments&post=278350"}],"version-history":[{"count":0,"href":"https:\/\/archive.sana.sy\/tr\/index.php?rest_route=\/wp\/v2\/posts\/278350\/revisions"}],"wp:featuredmedia":[{"embeddable":true,"href":"https:\/\/archive.sana.sy\/tr\/index.php?rest_route=\/wp\/v2\/media\/278351"}],"wp:attachment":[{"href":"https:\/\/archive.sana.sy\/tr\/index.php?rest_route=%2Fwp%2Fv2%2Fmedia&parent=278350"}],"wp:term":[{"taxonomy":"category","embeddable":true,"href":"https:\/\/archive.sana.sy\/tr\/index.php?rest_route=%2Fwp%2Fv2%2Fcategories&post=278350"},{"taxonomy":"post_tag","embeddable":true,"href":"https:\/\/archive.sana.sy\/tr\/index.php?rest_route=%2Fwp%2Fv2%2Ftags&post=278350"}],"curies":[{"name":"wp","href":"https:\/\/api.w.org\/{rel}","templated":true}]}}