{"id":278353,"date":"2023-04-08T11:57:47","date_gmt":"2023-04-08T08:57:47","guid":{"rendered":"https:\/\/sana.sy\/tr\/?p=278353"},"modified":"2023-04-09T09:04:21","modified_gmt":"2023-04-09T06:04:21","slug":"turkiyenin-guneyinde-4-1-buyuklugunde-deprem-meydana-geldi-2","status":"publish","type":"post","link":"https:\/\/archive.sana.sy\/tr\/?p=278353","title":{"rendered":"T\u00fcrkiye\u2019nin G\u00fcneyinde 4.1 B\u00fcy\u00fckl\u00fc\u011f\u00fcnde Deprem Meydana Geldi"},"content":{"rendered":"<p>ANKARA \u2013 Richter \u00f6l\u00e7e\u011fine g\u00f6re 4.1 b\u00fcy\u00fckl\u00fc\u011f\u00fcnde bir deprem bug\u00fcn T\u00fcrkiye&#8217;nin g\u00fcneyinde meydana geldi.<\/p>\n<p>T\u00fcrkiye Afet ve Acil Durum Y\u00f6netimi Ba\u015fkanl\u0131\u011f\u0131 (AFAD) yapt\u0131\u011f\u0131 a\u00e7\u0131klamada, depremin merkezi Kahramanmara\u015f eyaletinin G\u00f6kson b\u00f6lgesinde meydana geldi\u011fini, derinli\u011finin 16,36 km oldu\u011fu belirtildi.<\/p>\n<p><a href=\"https:\/\/t.me\/SuriyeArapHaberAjansI\">Telegram Kanal\u0131m\u0131z\u00a0<\/a><\/p>\n<p><a href=\"https:\/\/www.facebook.com\/SANAHaberAjansi\/\">Facebook Sayfam\u0131z<\/a><\/p>\n","protected":false},"excerpt":{"rendered":"<p>ANKARA \u2013 Richter \u00f6l\u00e7e\u011fine g\u00f6re 4.1 b\u00fcy\u00fckl\u00fc\u011f\u00fcnde bir deprem bug\u00fcn T\u00fcrkiye&#8217;nin g\u00fcneyinde meydana geldi. T\u00fcrkiye Afet ve Acil Durum Y\u00f6netimi Ba\u015fkanl\u0131\u011f\u0131 (AFAD) yapt\u0131\u011f\u0131 a\u00e7\u0131klamada, depremin merkezi Kahramanmara\u015f eyaletinin G\u00f6kson b\u00f6lgesinde meydana geldi\u011fini, derinli\u011finin 16,36 km oldu\u011fu belirtildi. Telegram Kanal\u0131m\u0131z\u00a0 Facebook Sayfam\u0131z<\/p>\n","protected":false},"author":36,"featured_media":278354,"comment_status":"closed","ping_status":"closed","sticky":false,"template":"","format":"standard","meta":{"footnotes":""},"categories":[458,459,17988],"tags":[],"class_list":["post-278353","post","type-post","status-publish","format-standard","has-post-thumbnail","","category-dunya1","category-haberler-arap-uluslararasi-politika","category-son-haberler"],"_links":{"self":[{"href":"https:\/\/archive.sana.sy\/tr\/index.php?rest_route=\/wp\/v2\/posts\/278353","targetHints":{"allow":["GET"]}}],"collection":[{"href":"https:\/\/archive.sana.sy\/tr\/index.php?rest_route=\/wp\/v2\/posts"}],"about":[{"href":"https:\/\/archive.sana.sy\/tr\/index.php?rest_route=\/wp\/v2\/types\/post"}],"author":[{"embeddable":true,"href":"https:\/\/archive.sana.sy\/tr\/index.php?rest_route=\/wp\/v2\/users\/36"}],"replies":[{"embeddable":true,"href":"https:\/\/archive.sana.sy\/tr\/index.php?rest_route=%2Fwp%2Fv2%2Fcomments&post=278353"}],"version-history":[{"count":0,"href":"https:\/\/archive.sana.sy\/tr\/index.php?rest_route=\/wp\/v2\/posts\/278353\/revisions"}],"wp:featuredmedia":[{"embeddable":true,"href":"https:\/\/archive.sana.sy\/tr\/index.php?rest_route=\/wp\/v2\/media\/278354"}],"wp:attachment":[{"href":"https:\/\/archive.sana.sy\/tr\/index.php?rest_route=%2Fwp%2Fv2%2Fmedia&parent=278353"}],"wp:term":[{"taxonomy":"category","embeddable":true,"href":"https:\/\/archive.sana.sy\/tr\/index.php?rest_route=%2Fwp%2Fv2%2Fcategories&post=278353"},{"taxonomy":"post_tag","embeddable":true,"href":"https:\/\/archive.sana.sy\/tr\/index.php?rest_route=%2Fwp%2Fv2%2Ftags&post=278353"}],"curies":[{"name":"wp","href":"https:\/\/api.w.org\/{rel}","templated":true}]}}