{"id":278356,"date":"2023-04-08T12:30:32","date_gmt":"2023-04-08T09:30:32","guid":{"rendered":"https:\/\/sana.sy\/tr\/?p=278356"},"modified":"2023-12-18T09:14:06","modified_gmt":"2023-12-18T06:14:06","slug":"homsta-bir-mayin-patladi-6-sivil-sehit-dustu","status":"publish","type":"post","link":"https:\/\/archive.sana.sy\/tr\/?p=278356","title":{"rendered":"Homs Do\u011fu K\u0131rsal\u0131nda Ter\u00f6rist Art\u0131\u011f\u0131 May\u0131n Patlad\u0131 6 Sivil \u015eehit D\u00fc\u015ft\u00fc"},"content":{"rendered":"<p>HOMS &#8211; Homs do\u011fu k\u0131rsal\u0131ndaki Suhna \u00e7\u00f6l\u00fcnde ter\u00f6ristlerin b\u0131rakt\u0131\u011f\u0131 may\u0131n patlamas\u0131 sonucu yer mantar\u0131 toplamaya giden 6 sivil \u015fehit d\u00fc\u015ft\u00fc.<\/p>\n<p>SANA Homs muhabiri, Suhna \u00e7\u00f6l\u00fcndeki Cebel el Amur b\u00f6lgesinde yer mantar\u0131 toplamaya giden \u00e7ok say\u0131da ki\u015fiyi ta\u015f\u0131yan bir otomobilin ge\u00e7i\u015fi s\u0131ras\u0131nda I\u015e\u0130D ter\u00f6ristlerinin geride b\u0131rakt\u0131\u011f\u0131 bir tanksavar may\u0131n\u0131n\u0131n patlad\u0131\u011f\u0131n\u0131 bunun sonucunda 6 sivilin \u015fehit d\u00fc\u015ft\u00fc\u011f\u00fcn\u00fc ifade etti.<\/p>\n<p><a href=\"https:\/\/t.me\/SuriyeArapHaberAjansI\">Telegram Kanal\u0131m\u0131z\u00a0<\/a><\/p>\n<p><a href=\"https:\/\/www.facebook.com\/SANAHaberAjansi\/\">Facebook Sayfam\u0131z<\/a><\/p>\n","protected":false},"excerpt":{"rendered":"<p>HOMS &#8211; Homs do\u011fu k\u0131rsal\u0131ndaki Suhna \u00e7\u00f6l\u00fcnde ter\u00f6ristlerin b\u0131rakt\u0131\u011f\u0131 may\u0131n patlamas\u0131 sonucu yer mantar\u0131 toplamaya giden 6 sivil \u015fehit d\u00fc\u015ft\u00fc. SANA Homs muhabiri, Suhna \u00e7\u00f6l\u00fcndeki Cebel el Amur b\u00f6lgesinde yer mantar\u0131 toplamaya giden \u00e7ok say\u0131da ki\u015fiyi ta\u015f\u0131yan bir otomobilin ge\u00e7i\u015fi s\u0131ras\u0131nda I\u015e\u0130D ter\u00f6ristlerinin geride b\u0131rakt\u0131\u011f\u0131 bir tanksavar may\u0131n\u0131n\u0131n patlad\u0131\u011f\u0131n\u0131 bunun sonucunda 6 sivilin \u015fehit d\u00fc\u015ft\u00fc\u011f\u00fcn\u00fc &hellip;<\/p>\n","protected":false},"author":36,"featured_media":278357,"comment_status":"closed","ping_status":"closed","sticky":false,"template":"","format":"standard","meta":{"footnotes":""},"categories":[479,575,17988,478],"tags":[],"class_list":["post-278356","post","type-post","status-publish","format-standard","has-post-thumbnail","","category-haberler-yerel","category-olaylar-ve-gercekler","category-son-haberler","category-yerel"],"_links":{"self":[{"href":"https:\/\/archive.sana.sy\/tr\/index.php?rest_route=\/wp\/v2\/posts\/278356","targetHints":{"allow":["GET"]}}],"collection":[{"href":"https:\/\/archive.sana.sy\/tr\/index.php?rest_route=\/wp\/v2\/posts"}],"about":[{"href":"https:\/\/archive.sana.sy\/tr\/index.php?rest_route=\/wp\/v2\/types\/post"}],"author":[{"embeddable":true,"href":"https:\/\/archive.sana.sy\/tr\/index.php?rest_route=\/wp\/v2\/users\/36"}],"replies":[{"embeddable":true,"href":"https:\/\/archive.sana.sy\/tr\/index.php?rest_route=%2Fwp%2Fv2%2Fcomments&post=278356"}],"version-history":[{"count":2,"href":"https:\/\/archive.sana.sy\/tr\/index.php?rest_route=\/wp\/v2\/posts\/278356\/revisions"}],"predecessor-version":[{"id":293656,"href":"https:\/\/archive.sana.sy\/tr\/index.php?rest_route=\/wp\/v2\/posts\/278356\/revisions\/293656"}],"wp:featuredmedia":[{"embeddable":true,"href":"https:\/\/archive.sana.sy\/tr\/index.php?rest_route=\/wp\/v2\/media\/278357"}],"wp:attachment":[{"href":"https:\/\/archive.sana.sy\/tr\/index.php?rest_route=%2Fwp%2Fv2%2Fmedia&parent=278356"}],"wp:term":[{"taxonomy":"category","embeddable":true,"href":"https:\/\/archive.sana.sy\/tr\/index.php?rest_route=%2Fwp%2Fv2%2Fcategories&post=278356"},{"taxonomy":"post_tag","embeddable":true,"href":"https:\/\/archive.sana.sy\/tr\/index.php?rest_route=%2Fwp%2Fv2%2Ftags&post=278356"}],"curies":[{"name":"wp","href":"https:\/\/api.w.org\/{rel}","templated":true}]}}