{"id":278359,"date":"2023-04-08T20:35:14","date_gmt":"2023-04-08T17:35:14","guid":{"rendered":"https:\/\/www.sana.sy\/tr\/?p=278359"},"modified":"2023-04-10T09:29:04","modified_gmt":"2023-04-10T06:29:04","slug":"cumhurbaskani-esad-iranin-sam-buyukelcisi-mehdi-subhaniye-suriye-liyakat-nisani-takdim-etti","status":"publish","type":"post","link":"https:\/\/archive.sana.sy\/tr\/?p=278359","title":{"rendered":"Cumhurba\u015fkan\u0131 Esad, \u0130ran&#8217;\u0131n \u015eam B\u00fcy\u00fckel\u00e7isi Mehdi Subhani&#8217;ye Suriye Liyakat Ni\u015fan\u0131 Takdim Etti"},"content":{"rendered":"<p>\u015eAM &#8211; Say\u0131n Cumhurba\u015fkan\u0131 Be\u015f\u015far Esad bug\u00fcn, \u0130ran&#8217;\u0131n \u015eam&#8217;daki b\u00fcy\u00fckel\u00e7isi Mehdi Subhani&#8217;ye, Suriye-\u0130ran ili\u015fkilerini geli\u015ftirmeye y\u00f6nelik \u00e7abalar\u0131 ve g\u00f6revlerini yerine getirmeye olan ba\u011fl\u0131l\u0131\u011f\u0131 nedeniyle en y\u00fcksek derecede Suriye Liyakat Ni\u015fan\u0131 verdi.<\/p>\n<p>Liyakat ni\u015fan\u0131n\u0131 D\u0131\u015fi\u015fleri ve Gurbet\u00e7iler Bakan Yard\u0131mc\u0131s\u0131 Dr. Eymen Sosan takdim etti.<\/p>\n","protected":false},"excerpt":{"rendered":"<p>\u015eAM &#8211; Say\u0131n Cumhurba\u015fkan\u0131 Be\u015f\u015far Esad bug\u00fcn, \u0130ran&#8217;\u0131n \u015eam&#8217;daki b\u00fcy\u00fckel\u00e7isi Mehdi Subhani&#8217;ye, Suriye-\u0130ran ili\u015fkilerini geli\u015ftirmeye y\u00f6nelik \u00e7abalar\u0131 ve g\u00f6revlerini yerine getirmeye olan ba\u011fl\u0131l\u0131\u011f\u0131 nedeniyle en y\u00fcksek derecede Suriye Liyakat Ni\u015fan\u0131 verdi. Liyakat ni\u015fan\u0131n\u0131 D\u0131\u015fi\u015fleri ve Gurbet\u00e7iler Bakan Yard\u0131mc\u0131s\u0131 Dr. Eymen Sosan takdim etti.<\/p>\n","protected":false},"author":1,"featured_media":278360,"comment_status":"closed","ping_status":"closed","sticky":false,"template":"","format":"standard","meta":{"footnotes":""},"categories":[606,459,605,17988],"tags":[],"class_list":["post-278359","post","type-post","status-publish","format-standard","has-post-thumbnail","","category-cumhurbaskani","category-haberler-arap-uluslararasi-politika","category-sayin-cumhurbaskani","category-son-haberler"],"_links":{"self":[{"href":"https:\/\/archive.sana.sy\/tr\/index.php?rest_route=\/wp\/v2\/posts\/278359","targetHints":{"allow":["GET"]}}],"collection":[{"href":"https:\/\/archive.sana.sy\/tr\/index.php?rest_route=\/wp\/v2\/posts"}],"about":[{"href":"https:\/\/archive.sana.sy\/tr\/index.php?rest_route=\/wp\/v2\/types\/post"}],"author":[{"embeddable":true,"href":"https:\/\/archive.sana.sy\/tr\/index.php?rest_route=\/wp\/v2\/users\/1"}],"replies":[{"embeddable":true,"href":"https:\/\/archive.sana.sy\/tr\/index.php?rest_route=%2Fwp%2Fv2%2Fcomments&post=278359"}],"version-history":[{"count":0,"href":"https:\/\/archive.sana.sy\/tr\/index.php?rest_route=\/wp\/v2\/posts\/278359\/revisions"}],"wp:featuredmedia":[{"embeddable":true,"href":"https:\/\/archive.sana.sy\/tr\/index.php?rest_route=\/wp\/v2\/media\/278360"}],"wp:attachment":[{"href":"https:\/\/archive.sana.sy\/tr\/index.php?rest_route=%2Fwp%2Fv2%2Fmedia&parent=278359"}],"wp:term":[{"taxonomy":"category","embeddable":true,"href":"https:\/\/archive.sana.sy\/tr\/index.php?rest_route=%2Fwp%2Fv2%2Fcategories&post=278359"},{"taxonomy":"post_tag","embeddable":true,"href":"https:\/\/archive.sana.sy\/tr\/index.php?rest_route=%2Fwp%2Fv2%2Ftags&post=278359"}],"curies":[{"name":"wp","href":"https:\/\/api.w.org\/{rel}","templated":true}]}}