{"id":278365,"date":"2023-04-08T20:44:22","date_gmt":"2023-04-08T17:44:22","guid":{"rendered":"https:\/\/www.sana.sy\/tr\/?p=278365"},"modified":"2023-04-10T09:31:45","modified_gmt":"2023-04-10T06:31:45","slug":"saglik-bakani-suriye-ile-iran-arasindaki-isbirligi-iliskileri-surekli-gelisme-halindedir","status":"publish","type":"post","link":"https:\/\/archive.sana.sy\/tr\/?p=278365","title":{"rendered":"Sa\u011fl\u0131k Bakan\u0131: Suriye \u0130le \u0130ran Aras\u0131ndaki \u0130\u015fbirli\u011fi \u0130li\u015fkileri S\u00fcrekli Geli\u015fme Halindedir"},"content":{"rendered":"<p>\u015eAM &#8211; Sa\u011fl\u0131k Bakan\u0131 Dr. Hasan Al \u011eabba\u015f, Suriye ile \u0130ran aras\u0131ndaki ikili ili\u015fkilerin ba\u011flar\u0131n\u0131 g\u00fc\u00e7lendirmeye devam etmenin ve bunlar\u0131 ba\u015fta sa\u011fl\u0131k olmak \u00fczere \u00e7e\u015fitli alanlarda geli\u015ftirmenin \u00f6nemini vurgulad\u0131.<\/p>\n<p>Bakan Al \u011eabba\u015f, bug\u00fcn \u0130ran&#8217;\u0131n \u015eam B\u00fcy\u00fckel\u00e7isi Mehdi Subhani ile Suriye Arap Cumhuriyeti b\u00fcy\u00fckel\u00e7ili\u011fi g\u00f6revinin sona ermesi m\u00fcnasebetiyle yapt\u0131\u011f\u0131 g\u00f6r\u00fc\u015fmede, ge\u00e7mi\u015f d\u00f6nemdeki \u00e7abalar\u0131ndan dolay\u0131 te\u015fekk\u00fcr ve takdirlerini dile getirerek, bundan sonraki g\u00f6revlerinde ba\u015far\u0131lar diledi.<\/p>\n<p>B\u00fcy\u00fckel\u00e7i Subhani de buna kar\u015f\u0131l\u0131k, iki taraf aras\u0131ndaki \u00f6zellikle sa\u011fl\u0131k d\u00fczeyindeki yap\u0131c\u0131 i\u015fbirli\u011fine dikkat \u00e7ekerek, daha iyi ve daha g\u00fcvenli bir hale ula\u015fmak i\u00e7in \u00e7e\u015fitli alanlarda i\u015fbirli\u011fi olas\u0131l\u0131klar\u0131n\u0131 ve d\u00fczeyini art\u0131rmak ve bunlar\u0131 geli\u015ftirmek i\u00e7in \u00e7al\u0131\u015fmalar\u0131n s\u00fcrd\u00fcr\u00fclmesi \u00e7a\u011fr\u0131s\u0131nda bulundu.<\/p>\n","protected":false},"excerpt":{"rendered":"<p>\u015eAM &#8211; Sa\u011fl\u0131k Bakan\u0131 Dr. Hasan Al \u011eabba\u015f, Suriye ile \u0130ran aras\u0131ndaki ikili ili\u015fkilerin ba\u011flar\u0131n\u0131 g\u00fc\u00e7lendirmeye devam etmenin ve bunlar\u0131 ba\u015fta sa\u011fl\u0131k olmak \u00fczere \u00e7e\u015fitli alanlarda geli\u015ftirmenin \u00f6nemini vurgulad\u0131. Bakan Al \u011eabba\u015f, bug\u00fcn \u0130ran&#8217;\u0131n \u015eam B\u00fcy\u00fckel\u00e7isi Mehdi Subhani ile Suriye Arap Cumhuriyeti b\u00fcy\u00fckel\u00e7ili\u011fi g\u00f6revinin sona ermesi m\u00fcnasebetiyle yapt\u0131\u011f\u0131 g\u00f6r\u00fc\u015fmede, ge\u00e7mi\u015f d\u00f6nemdeki \u00e7abalar\u0131ndan dolay\u0131 te\u015fekk\u00fcr ve &hellip;<\/p>\n","protected":false},"author":1,"featured_media":278370,"comment_status":"closed","ping_status":"closed","sticky":false,"template":"","format":"standard","meta":{"footnotes":""},"categories":[459,479,17988,478],"tags":[],"class_list":["post-278365","post","type-post","status-publish","format-standard","has-post-thumbnail","","category-haberler-arap-uluslararasi-politika","category-haberler-yerel","category-son-haberler","category-yerel"],"_links":{"self":[{"href":"https:\/\/archive.sana.sy\/tr\/index.php?rest_route=\/wp\/v2\/posts\/278365","targetHints":{"allow":["GET"]}}],"collection":[{"href":"https:\/\/archive.sana.sy\/tr\/index.php?rest_route=\/wp\/v2\/posts"}],"about":[{"href":"https:\/\/archive.sana.sy\/tr\/index.php?rest_route=\/wp\/v2\/types\/post"}],"author":[{"embeddable":true,"href":"https:\/\/archive.sana.sy\/tr\/index.php?rest_route=\/wp\/v2\/users\/1"}],"replies":[{"embeddable":true,"href":"https:\/\/archive.sana.sy\/tr\/index.php?rest_route=%2Fwp%2Fv2%2Fcomments&post=278365"}],"version-history":[{"count":0,"href":"https:\/\/archive.sana.sy\/tr\/index.php?rest_route=\/wp\/v2\/posts\/278365\/revisions"}],"wp:featuredmedia":[{"embeddable":true,"href":"https:\/\/archive.sana.sy\/tr\/index.php?rest_route=\/wp\/v2\/media\/278370"}],"wp:attachment":[{"href":"https:\/\/archive.sana.sy\/tr\/index.php?rest_route=%2Fwp%2Fv2%2Fmedia&parent=278365"}],"wp:term":[{"taxonomy":"category","embeddable":true,"href":"https:\/\/archive.sana.sy\/tr\/index.php?rest_route=%2Fwp%2Fv2%2Fcategories&post=278365"},{"taxonomy":"post_tag","embeddable":true,"href":"https:\/\/archive.sana.sy\/tr\/index.php?rest_route=%2Fwp%2Fv2%2Ftags&post=278365"}],"curies":[{"name":"wp","href":"https:\/\/api.w.org\/{rel}","templated":true}]}}