{"id":278371,"date":"2023-04-09T09:11:48","date_gmt":"2023-04-09T06:11:48","guid":{"rendered":"http:\/\/sana.sy\/tr\/?p=278371"},"modified":"2023-04-11T09:29:31","modified_gmt":"2023-04-11T06:29:31","slug":"hava-savunmamiz-gunye-bolgede-israil-fuze-saldirganligina-karsi-koydu","status":"publish","type":"post","link":"https:\/\/archive.sana.sy\/tr\/?p=278371","title":{"rendered":"Hava Savunmam\u0131z, G\u00fcney B\u00f6lgede \u0130srail F\u00fcze Sald\u0131rganl\u0131\u011f\u0131na Kar\u015f\u0131 Koydu"},"content":{"rendered":"<p>\u015eAM \u2013 Suriye Arap Ordusunun hava savunmas\u0131, g\u00fcney b\u00f6lgede baz\u0131 noktalara \u0130srail\u2019in f\u00fczeli sald\u0131rganl\u0131\u011f\u0131na kar\u015f\u0131 koydu, sald\u0131rgan\u0131n f\u00fczelerinin bir k\u0131sm\u0131n\u0131 d\u00fc\u015f\u00fcrm\u00fc\u015ft\u00fcr.<\/p>\n<p>Askeri bir kaynak SANA&#8217;ya, &#8220;bug\u00fcn sabah saat 5:00 sular\u0131nda, d\u00fc\u015fman \u0130srail, i\u015fgal alt\u0131ndaki Suriye Golan y\u00f6n\u00fcnden bir dizi f\u00fcze ile g\u00fcney b\u00f6lgesindeki baz\u0131 noktalar\u0131 hedef alan bir hava sald\u0131r\u0131s\u0131 d\u00fczenledi&#8221; dedi.<\/p>\n<p>Kaynak, hava savunma sistemlerimizin &#8220;sald\u0131rganl\u0131\u011f\u0131n f\u00fczeleriyle kar\u015f\u0131 kar\u015f\u0131ya kald\u0131\u011f\u0131n\u0131 ,ve baz\u0131lar\u0131n\u0131 d\u00fc\u015f\u00fcrd\u00fc\u011f\u00fcn\u00fc, sald\u0131rganl\u0131\u011f\u0131n baz\u0131 maddi kay\u0131plara yol a\u00e7t\u0131\u011f\u0131n\u0131&#8221; ekledi.<\/p>\n<p><a href=\"https:\/\/t.me\/SuriyeArapHaberAjansI\">Telegram Kanal\u0131m\u0131z\u00a0<\/a><\/p>\n<p><a href=\"https:\/\/www.facebook.com\/SANAHaberAjansi\/\">Facebook Sayfam\u0131z<\/a><\/p>\n","protected":false},"excerpt":{"rendered":"<p>\u015eAM \u2013 Suriye Arap Ordusunun hava savunmas\u0131, g\u00fcney b\u00f6lgede baz\u0131 noktalara \u0130srail\u2019in f\u00fczeli sald\u0131rganl\u0131\u011f\u0131na kar\u015f\u0131 koydu, sald\u0131rgan\u0131n f\u00fczelerinin bir k\u0131sm\u0131n\u0131 d\u00fc\u015f\u00fcrm\u00fc\u015ft\u00fcr. Askeri bir kaynak SANA&#8217;ya, &#8220;bug\u00fcn sabah saat 5:00 sular\u0131nda, d\u00fc\u015fman \u0130srail, i\u015fgal alt\u0131ndaki Suriye Golan y\u00f6n\u00fcnden bir dizi f\u00fcze ile g\u00fcney b\u00f6lgesindeki baz\u0131 noktalar\u0131 hedef alan bir hava sald\u0131r\u0131s\u0131 d\u00fczenledi&#8221; dedi. Kaynak, hava savunma &hellip;<\/p>\n","protected":false},"author":36,"featured_media":278372,"comment_status":"closed","ping_status":"closed","sticky":false,"template":"","format":"standard","meta":{"footnotes":""},"categories":[479,575,17988,478],"tags":[],"class_list":["post-278371","post","type-post","status-publish","format-standard","has-post-thumbnail","","category-haberler-yerel","category-olaylar-ve-gercekler","category-son-haberler","category-yerel"],"_links":{"self":[{"href":"https:\/\/archive.sana.sy\/tr\/index.php?rest_route=\/wp\/v2\/posts\/278371","targetHints":{"allow":["GET"]}}],"collection":[{"href":"https:\/\/archive.sana.sy\/tr\/index.php?rest_route=\/wp\/v2\/posts"}],"about":[{"href":"https:\/\/archive.sana.sy\/tr\/index.php?rest_route=\/wp\/v2\/types\/post"}],"author":[{"embeddable":true,"href":"https:\/\/archive.sana.sy\/tr\/index.php?rest_route=\/wp\/v2\/users\/36"}],"replies":[{"embeddable":true,"href":"https:\/\/archive.sana.sy\/tr\/index.php?rest_route=%2Fwp%2Fv2%2Fcomments&post=278371"}],"version-history":[{"count":0,"href":"https:\/\/archive.sana.sy\/tr\/index.php?rest_route=\/wp\/v2\/posts\/278371\/revisions"}],"wp:featuredmedia":[{"embeddable":true,"href":"https:\/\/archive.sana.sy\/tr\/index.php?rest_route=\/wp\/v2\/media\/278372"}],"wp:attachment":[{"href":"https:\/\/archive.sana.sy\/tr\/index.php?rest_route=%2Fwp%2Fv2%2Fmedia&parent=278371"}],"wp:term":[{"taxonomy":"category","embeddable":true,"href":"https:\/\/archive.sana.sy\/tr\/index.php?rest_route=%2Fwp%2Fv2%2Fcategories&post=278371"},{"taxonomy":"post_tag","embeddable":true,"href":"https:\/\/archive.sana.sy\/tr\/index.php?rest_route=%2Fwp%2Fv2%2Ftags&post=278371"}],"curies":[{"name":"wp","href":"https:\/\/api.w.org\/{rel}","templated":true}]}}