{"id":278391,"date":"2023-04-09T11:40:17","date_gmt":"2023-04-09T08:40:17","guid":{"rendered":"http:\/\/sana.sy\/tr\/?p=278391"},"modified":"2023-04-10T09:29:30","modified_gmt":"2023-04-10T06:29:30","slug":"basepiskopos-krikor-suriyedeki-cocuklarimizi-selamliyorum-hangi-zorluklarla-karsilasirlarsa-karsilassinlar-vatanlarini-insa-edecekler","status":"publish","type":"post","link":"https:\/\/archive.sana.sy\/tr\/?p=278391","title":{"rendered":"Ba\u015fepiskopos Krikor: Suriye&#8217;deki \u00c7ocuklar\u0131m\u0131z\u0131 Selaml\u0131yorum.. Hangi Zorluklarla Kar\u015f\u0131la\u015f\u0131rlarsa Kar\u015f\u0131la\u015fs\u0131nlar Vatanlar\u0131n\u0131 \u0130n\u015fa Edecekler"},"content":{"rendered":"<p>KAH\u0130RE \u2013 \u0130skenderiye Piskoposu Ba\u015fpiskopos Krikor Koussa, Ermeni Katoliklerine Suriye&#8217;nin bir bar\u0131\u015f ve sevgi \u00fclkesi oldu\u011fu ve \u00f6yle kalaca\u011f\u0131 ve halk\u0131n\u0131n kendilerine d\u0131\u015far\u0131dan dayat\u0131lan sava\u015f\u0131 kazanarak \u00fclkelerini yeniden in\u015fa edecekleri konusunda g\u00fcvence verdi.<\/p>\n<p><img loading=\"lazy\" decoding=\"async\" class=\"size-full wp-image-278398 alignright\" src=\"http:\/\/sana.sy\/tr\/wp-content\/uploads\/2023\/04\/2-10.jpg\" alt=\"\" width=\"300\" height=\"168\" \/>Bu, Kahire&#8217;deki Aziz Teresa \u00c7ocuk \u0130sa Ermeni Katolik Kilisesi&#8217;ndeki g\u00f6rkemli K\u0131yamet G\u00fcn\u00fc kutlamalar\u0131ndan sonra geldi.<\/p>\n<p>Ba\u015fepiskopos Koussa, \u201cSuriye&#8217;deki evlatlar\u0131m\u0131z\u0131 selaml\u0131yorum ve diyorum ki biz bir halk\u0131z, hangi zorluklarla kar\u015f\u0131la\u015f\u0131rsak kar\u015f\u0131la\u015fal\u0131m, bize kar\u015f\u0131 a\u00e7t\u0131klar\u0131 bu sava\u015ftan aya\u011fa kalkaca\u011f\u0131z ve son zamanlarda meydana gelen ve bir trajediye daha eklenen depreme ra\u011fmen biz yapan ve y\u0131kmayan ya\u015fayan bir halk\u0131z\u201d dedi.<\/p>\n<p>Piskopos Koussa, Suriye liderli\u011fini Paskalya, Ramazan ay\u0131 ve yakla\u015fan Ramazan Bayram\u0131 m\u00fcnasebetiyle tebrik ederek, bu bayramlar\u0131n Suriye&#8217;ye sevgi, anlay\u0131\u015f ve birliktelik i\u00e7inde d\u00f6nmesini temenni etti.<\/p>\n<p><a href=\"https:\/\/t.me\/SuriyeArapHaberAjansI\">Telegram Kanal\u0131m\u0131z\u00a0<\/a><\/p>\n<p><a href=\"https:\/\/www.facebook.com\/SANAHaberAjansi\/\">Facebook Sayfam\u0131z<\/a><\/p>\n<div id='gallery-1' class='gallery galleryid-278391 gallery-columns-3 gallery-size-full'><figure class='gallery-item'>\n\t\t\t<div class='gallery-icon landscape'>\n\t\t\t\t<a href='https:\/\/archive.sana.sy\/tr\/wp-content\/uploads\/2023\/04\/photo_2023-04-09_07-57-49-scaled-1.jpg'><img loading=\"lazy\" decoding=\"async\" width=\"2560\" height=\"1239\" src=\"https:\/\/archive.sana.sy\/tr\/wp-content\/uploads\/2023\/04\/photo_2023-04-09_07-57-49-scaled-1.jpg\" class=\"attachment-full size-full\" alt=\"\" srcset=\"https:\/\/archive.sana.sy\/tr\/wp-content\/uploads\/2023\/04\/photo_2023-04-09_07-57-49-scaled-1.jpg 2560w, https:\/\/archive.sana.sy\/tr\/wp-content\/uploads\/2023\/04\/photo_2023-04-09_07-57-49-scaled-1-300x145.jpg 300w, https:\/\/archive.sana.sy\/tr\/wp-content\/uploads\/2023\/04\/photo_2023-04-09_07-57-49-scaled-1-1024x496.jpg 1024w, https:\/\/archive.sana.sy\/tr\/wp-content\/uploads\/2023\/04\/photo_2023-04-09_07-57-49-scaled-1-768x372.jpg 768w, https:\/\/archive.sana.sy\/tr\/wp-content\/uploads\/2023\/04\/photo_2023-04-09_07-57-49-scaled-1-1536x743.jpg 1536w, https:\/\/archive.sana.sy\/tr\/wp-content\/uploads\/2023\/04\/photo_2023-04-09_07-57-49-scaled-1-2048x991.jpg 2048w\" sizes=\"auto, (max-width: 2560px) 100vw, 2560px\" \/><\/a>\n\t\t\t<\/div><\/figure><figure class='gallery-item'>\n\t\t\t<div class='gallery-icon landscape'>\n\t\t\t\t<a href='https:\/\/archive.sana.sy\/tr\/wp-content\/uploads\/2023\/04\/photo_2023-04-09_07-58-31-scaled-1.jpg'><img loading=\"lazy\" decoding=\"async\" width=\"2560\" height=\"1359\" src=\"https:\/\/archive.sana.sy\/tr\/wp-content\/uploads\/2023\/04\/photo_2023-04-09_07-58-31-scaled-1.jpg\" class=\"attachment-full size-full\" alt=\"\" srcset=\"https:\/\/archive.sana.sy\/tr\/wp-content\/uploads\/2023\/04\/photo_2023-04-09_07-58-31-scaled-1.jpg 2560w, https:\/\/archive.sana.sy\/tr\/wp-content\/uploads\/2023\/04\/photo_2023-04-09_07-58-31-scaled-1-300x159.jpg 300w, https:\/\/archive.sana.sy\/tr\/wp-content\/uploads\/2023\/04\/photo_2023-04-09_07-58-31-scaled-1-1024x544.jpg 1024w, https:\/\/archive.sana.sy\/tr\/wp-content\/uploads\/2023\/04\/photo_2023-04-09_07-58-31-scaled-1-768x408.jpg 768w, https:\/\/archive.sana.sy\/tr\/wp-content\/uploads\/2023\/04\/photo_2023-04-09_07-58-31-scaled-1-1536x815.jpg 1536w, https:\/\/archive.sana.sy\/tr\/wp-content\/uploads\/2023\/04\/photo_2023-04-09_07-58-31-scaled-1-2048x1087.jpg 2048w, https:\/\/archive.sana.sy\/tr\/wp-content\/uploads\/2023\/04\/photo_2023-04-09_07-58-31-scaled-1-310x165.jpg 310w\" sizes=\"auto, (max-width: 2560px) 100vw, 2560px\" \/><\/a>\n\t\t\t<\/div><\/figure><figure class='gallery-item'>\n\t\t\t<div class='gallery-icon landscape'>\n\t\t\t\t<a href='https:\/\/archive.sana.sy\/tr\/wp-content\/uploads\/2023\/04\/photo_2023-04-09_07-58-41-scaled-1.jpg'><img loading=\"lazy\" decoding=\"async\" width=\"2560\" height=\"1227\" src=\"https:\/\/archive.sana.sy\/tr\/wp-content\/uploads\/2023\/04\/photo_2023-04-09_07-58-41-scaled-1.jpg\" class=\"attachment-full size-full\" alt=\"\" srcset=\"https:\/\/archive.sana.sy\/tr\/wp-content\/uploads\/2023\/04\/photo_2023-04-09_07-58-41-scaled-1.jpg 2560w, https:\/\/archive.sana.sy\/tr\/wp-content\/uploads\/2023\/04\/photo_2023-04-09_07-58-41-scaled-1-300x144.jpg 300w, https:\/\/archive.sana.sy\/tr\/wp-content\/uploads\/2023\/04\/photo_2023-04-09_07-58-41-scaled-1-1024x491.jpg 1024w, https:\/\/archive.sana.sy\/tr\/wp-content\/uploads\/2023\/04\/photo_2023-04-09_07-58-41-scaled-1-768x368.jpg 768w, https:\/\/archive.sana.sy\/tr\/wp-content\/uploads\/2023\/04\/photo_2023-04-09_07-58-41-scaled-1-1536x736.jpg 1536w, https:\/\/archive.sana.sy\/tr\/wp-content\/uploads\/2023\/04\/photo_2023-04-09_07-58-41-scaled-1-2048x982.jpg 2048w\" sizes=\"auto, (max-width: 2560px) 100vw, 2560px\" \/><\/a>\n\t\t\t<\/div><\/figure><figure class='gallery-item'>\n\t\t\t<div class='gallery-icon landscape'>\n\t\t\t\t<a href='https:\/\/archive.sana.sy\/tr\/wp-content\/uploads\/2023\/04\/photo_2023-04-09_07-59-47-scaled-1.jpg'><img loading=\"lazy\" decoding=\"async\" width=\"2560\" height=\"1152\" src=\"https:\/\/archive.sana.sy\/tr\/wp-content\/uploads\/2023\/04\/photo_2023-04-09_07-59-47-scaled-1.jpg\" class=\"attachment-full size-full\" alt=\"\" srcset=\"https:\/\/archive.sana.sy\/tr\/wp-content\/uploads\/2023\/04\/photo_2023-04-09_07-59-47-scaled-1.jpg 2560w, https:\/\/archive.sana.sy\/tr\/wp-content\/uploads\/2023\/04\/photo_2023-04-09_07-59-47-scaled-1-300x135.jpg 300w, https:\/\/archive.sana.sy\/tr\/wp-content\/uploads\/2023\/04\/photo_2023-04-09_07-59-47-scaled-1-1024x461.jpg 1024w, https:\/\/archive.sana.sy\/tr\/wp-content\/uploads\/2023\/04\/photo_2023-04-09_07-59-47-scaled-1-768x346.jpg 768w, https:\/\/archive.sana.sy\/tr\/wp-content\/uploads\/2023\/04\/photo_2023-04-09_07-59-47-scaled-1-1536x691.jpg 1536w, https:\/\/archive.sana.sy\/tr\/wp-content\/uploads\/2023\/04\/photo_2023-04-09_07-59-47-scaled-1-2048x922.jpg 2048w\" sizes=\"auto, (max-width: 2560px) 100vw, 2560px\" \/><\/a>\n\t\t\t<\/div><\/figure><figure class='gallery-item'>\n\t\t\t<div class='gallery-icon landscape'>\n\t\t\t\t<a href='https:\/\/archive.sana.sy\/tr\/wp-content\/uploads\/2023\/04\/photo_2023-04-09_08-00-10-scaled-1.jpg'><img loading=\"lazy\" decoding=\"async\" width=\"2560\" height=\"1319\" src=\"https:\/\/archive.sana.sy\/tr\/wp-content\/uploads\/2023\/04\/photo_2023-04-09_08-00-10-scaled-1.jpg\" class=\"attachment-full size-full\" alt=\"\" srcset=\"https:\/\/archive.sana.sy\/tr\/wp-content\/uploads\/2023\/04\/photo_2023-04-09_08-00-10-scaled-1.jpg 2560w, https:\/\/archive.sana.sy\/tr\/wp-content\/uploads\/2023\/04\/photo_2023-04-09_08-00-10-scaled-1-300x155.jpg 300w, https:\/\/archive.sana.sy\/tr\/wp-content\/uploads\/2023\/04\/photo_2023-04-09_08-00-10-scaled-1-1024x528.jpg 1024w, https:\/\/archive.sana.sy\/tr\/wp-content\/uploads\/2023\/04\/photo_2023-04-09_08-00-10-scaled-1-768x396.jpg 768w, https:\/\/archive.sana.sy\/tr\/wp-content\/uploads\/2023\/04\/photo_2023-04-09_08-00-10-scaled-1-1536x791.jpg 1536w, https:\/\/archive.sana.sy\/tr\/wp-content\/uploads\/2023\/04\/photo_2023-04-09_08-00-10-scaled-1-2048x1055.jpg 2048w\" sizes=\"auto, (max-width: 2560px) 100vw, 2560px\" \/><\/a>\n\t\t\t<\/div><\/figure><figure class='gallery-item'>\n\t\t\t<div class='gallery-icon landscape'>\n\t\t\t\t<a href='https:\/\/archive.sana.sy\/tr\/wp-content\/uploads\/2023\/04\/photo_2023-04-09_08-00-19-scaled-1.jpg'><img loading=\"lazy\" decoding=\"async\" width=\"2560\" height=\"1333\" src=\"https:\/\/archive.sana.sy\/tr\/wp-content\/uploads\/2023\/04\/photo_2023-04-09_08-00-19-scaled-1.jpg\" class=\"attachment-full size-full\" alt=\"\" srcset=\"https:\/\/archive.sana.sy\/tr\/wp-content\/uploads\/2023\/04\/photo_2023-04-09_08-00-19-scaled-1.jpg 2560w, https:\/\/archive.sana.sy\/tr\/wp-content\/uploads\/2023\/04\/photo_2023-04-09_08-00-19-scaled-1-300x156.jpg 300w, https:\/\/archive.sana.sy\/tr\/wp-content\/uploads\/2023\/04\/photo_2023-04-09_08-00-19-scaled-1-1024x533.jpg 1024w, https:\/\/archive.sana.sy\/tr\/wp-content\/uploads\/2023\/04\/photo_2023-04-09_08-00-19-scaled-1-768x400.jpg 768w, https:\/\/archive.sana.sy\/tr\/wp-content\/uploads\/2023\/04\/photo_2023-04-09_08-00-19-scaled-1-1536x800.jpg 1536w, https:\/\/archive.sana.sy\/tr\/wp-content\/uploads\/2023\/04\/photo_2023-04-09_08-00-19-scaled-1-2048x1066.jpg 2048w\" sizes=\"auto, (max-width: 2560px) 100vw, 2560px\" \/><\/a>\n\t\t\t<\/div><\/figure>\n\t\t<\/div>\n\n","protected":false},"excerpt":{"rendered":"<p>KAH\u0130RE \u2013 \u0130skenderiye Piskoposu Ba\u015fpiskopos Krikor Koussa, Ermeni Katoliklerine Suriye&#8217;nin bir bar\u0131\u015f ve sevgi \u00fclkesi oldu\u011fu ve \u00f6yle kalaca\u011f\u0131 ve halk\u0131n\u0131n kendilerine d\u0131\u015far\u0131dan dayat\u0131lan sava\u015f\u0131 kazanarak \u00fclkelerini yeniden in\u015fa edecekleri konusunda g\u00fcvence verdi. Bu, Kahire&#8217;deki Aziz Teresa \u00c7ocuk \u0130sa Ermeni Katolik Kilisesi&#8217;ndeki g\u00f6rkemli K\u0131yamet G\u00fcn\u00fc kutlamalar\u0131ndan sonra geldi. Ba\u015fepiskopos Koussa, \u201cSuriye&#8217;deki evlatlar\u0131m\u0131z\u0131 selaml\u0131yorum ve diyorum &hellip;<\/p>\n","protected":false},"author":36,"featured_media":278399,"comment_status":"closed","ping_status":"closed","sticky":false,"template":"","format":"standard","meta":{"footnotes":""},"categories":[458,596,459,17988],"tags":[],"class_list":["post-278391","post","type-post","status-publish","format-standard","has-post-thumbnail","","category-dunya1","category-fotografli-raporlar","category-haberler-arap-uluslararasi-politika","category-son-haberler"],"_links":{"self":[{"href":"https:\/\/archive.sana.sy\/tr\/index.php?rest_route=\/wp\/v2\/posts\/278391","targetHints":{"allow":["GET"]}}],"collection":[{"href":"https:\/\/archive.sana.sy\/tr\/index.php?rest_route=\/wp\/v2\/posts"}],"about":[{"href":"https:\/\/archive.sana.sy\/tr\/index.php?rest_route=\/wp\/v2\/types\/post"}],"author":[{"embeddable":true,"href":"https:\/\/archive.sana.sy\/tr\/index.php?rest_route=\/wp\/v2\/users\/36"}],"replies":[{"embeddable":true,"href":"https:\/\/archive.sana.sy\/tr\/index.php?rest_route=%2Fwp%2Fv2%2Fcomments&post=278391"}],"version-history":[{"count":0,"href":"https:\/\/archive.sana.sy\/tr\/index.php?rest_route=\/wp\/v2\/posts\/278391\/revisions"}],"wp:featuredmedia":[{"embeddable":true,"href":"https:\/\/archive.sana.sy\/tr\/index.php?rest_route=\/wp\/v2\/media\/278399"}],"wp:attachment":[{"href":"https:\/\/archive.sana.sy\/tr\/index.php?rest_route=%2Fwp%2Fv2%2Fmedia&parent=278391"}],"wp:term":[{"taxonomy":"category","embeddable":true,"href":"https:\/\/archive.sana.sy\/tr\/index.php?rest_route=%2Fwp%2Fv2%2Fcategories&post=278391"},{"taxonomy":"post_tag","embeddable":true,"href":"https:\/\/archive.sana.sy\/tr\/index.php?rest_route=%2Fwp%2Fv2%2Ftags&post=278391"}],"curies":[{"name":"wp","href":"https:\/\/api.w.org\/{rel}","templated":true}]}}