{"id":278437,"date":"2023-04-09T15:28:41","date_gmt":"2023-04-09T12:28:41","guid":{"rendered":"http:\/\/sana.sy\/tr\/?p=278437"},"modified":"2023-04-10T09:30:04","modified_gmt":"2023-04-10T06:30:04","slug":"filistin-devlet-baskanligi-filistin-halki-bedeli-ne-olursa-olsun-kutsalliklarini-savunarak-kararliligini-surdurecek","status":"publish","type":"post","link":"https:\/\/archive.sana.sy\/tr\/?p=278437","title":{"rendered":"Filistin Devlet Ba\u015fkanl\u0131\u011f\u0131: Filistin Halk\u0131, Bedeli Ne Olursa Olsun Kutsall\u0131klar\u0131n\u0131 Savunarak Kararl\u0131l\u0131\u011f\u0131n\u0131 S\u00fcrd\u00fcrecek"},"content":{"rendered":"<p><strong>\u0130\u015eGAL ED\u0130LEN KUD\u00dcS<\/strong> &#8211; Filistin cumhurba\u015fkanl\u0131\u011f\u0131, \u0130srail i\u015fgalinin Filistin halk\u0131na kar\u015f\u0131 i\u015fledi\u011fi su\u00e7lar\u0131n onlar\u0131 m\u00fccadeleye devam etmekten cayd\u0131rmayaca\u011f\u0131n\u0131 ve topraklar\u0131n\u0131 savunarak sebat edeceklerini ve kutsal de\u011ferleri ile Kud\u00fcs&#8217;\u00fcn Filistin Devleti&#8217;nin ebedi ba\u015fkenti olmaya devam edece\u011fini vurgulad\u0131.<\/p>\n<p>Filistin Wafa haber ajans\u0131, cumhurba\u015fkanl\u0131\u011f\u0131 s\u00f6zc\u00fcs\u00fc Nebil Ebu Rudeyna&#8217;in \u2018\u2019\u0130srail&#8217;in Mescid-i Aksa&#8217;ya y\u00f6nelik aral\u0131ks\u0131z provokasyonlar\u0131 ve Ramazan ay\u0131 boyunca ibadet edenlere ve orada inzivaya \u00e7ekilenlere y\u00f6nelik g\u00fcnl\u00fck sald\u0131r\u0131lar\u0131 reddedilmekte ve k\u0131nanmaktad\u0131r.\u2019\u2019 diyerek, \u0130srail&#8217;in t\u00fcm \u00f6nlemlerinin ve i\u015fgale y\u00f6nelik Amerikan deste\u011finin g\u00fcvenlik ve istikrara yol a\u00e7mayaca\u011f\u0131n\u0131, aksine durumun ciddi \u015fekilde k\u00f6t\u00fcle\u015fmesine yol a\u00e7aca\u011f\u0131n\u0131 ve b\u00f6lgeyi ate\u015fleyece\u011fine i\u015faret etti\u011fini aktard\u0131.<\/p>\n<p>Buna kar\u015f\u0131l\u0131k Filistin D\u0131\u015fi\u015fleri Bakanl\u0131\u011f\u0131, Mescid-i Aksa&#8217;n\u0131n ve ibadet edenlerin s\u00fcrekli olarak hedef al\u0131nmas\u0131n\u0131 ve i\u00e7inde inzivaya \u00e7ekilmesini ve Bakan Itamar Ben Gvir liderli\u011findeki i\u015fgal yetkilileri taraf\u0131ndan ba\u015flat\u0131lan s\u00fcrekli k\u0131\u015fk\u0131rtma kampanyalar\u0131n\u0131 k\u0131nayarak, \u0130srail&#8217;in camiye y\u00f6nelik s\u00fcrekli sald\u0131rganl\u0131\u011f\u0131n\u0131n, camiyi Yahudile\u015ftirmek amac\u0131yla mevcut yasal ve tarihi stat\u00fcs\u00fcn\u00fc de\u011fi\u015ftirme giri\u015fimlerinin bir par\u00e7as\u0131 oldu\u011funu belirtti.<\/p>\n<p>D\u0131\u015fi\u015fleri Bakanl\u0131\u011f\u0131, Kud\u00fcs&#8217;e ve onun kutsallar\u0131na y\u00f6nelik s\u00fcrekli ve sistematik k\u0131\u015fk\u0131rtma kampanyalar\u0131n\u0131n sonu\u00e7lar\u0131 konusunda uyar\u0131da bulundu ve BM G\u00fcvenlik Konseyi&#8217;ni ilgili BM kararlar\u0131n\u0131n uygulanmas\u0131 i\u00e7in gerekli pratik ad\u0131mlar\u0131 atmaya \u00e7a\u011f\u0131rd\u0131.<\/p>\n<p>&nbsp;<\/p>\n<p>R.M.<\/p>\n<p><a href=\"https:\/\/t.me\/SuriyeArapHaberAjansI\">Telegram Kanal\u0131m\u0131z\u00a0<\/a><\/p>\n<p><a href=\"https:\/\/www.facebook.com\/SANAHaberAjansi\/\">Facebook Sayfam\u0131z<\/a><\/p>\n","protected":false},"excerpt":{"rendered":"<p>\u0130\u015eGAL ED\u0130LEN KUD\u00dcS &#8211; Filistin cumhurba\u015fkanl\u0131\u011f\u0131, \u0130srail i\u015fgalinin Filistin halk\u0131na kar\u015f\u0131 i\u015fledi\u011fi su\u00e7lar\u0131n onlar\u0131 m\u00fccadeleye devam etmekten cayd\u0131rmayaca\u011f\u0131n\u0131 ve topraklar\u0131n\u0131 savunarak sebat edeceklerini ve kutsal de\u011ferleri ile Kud\u00fcs&#8217;\u00fcn Filistin Devleti&#8217;nin ebedi ba\u015fkenti olmaya devam edece\u011fini vurgulad\u0131. Filistin Wafa haber ajans\u0131, cumhurba\u015fkanl\u0131\u011f\u0131 s\u00f6zc\u00fcs\u00fc Nebil Ebu Rudeyna&#8217;in \u2018\u2019\u0130srail&#8217;in Mescid-i Aksa&#8217;ya y\u00f6nelik aral\u0131ks\u0131z provokasyonlar\u0131 ve Ramazan ay\u0131 boyunca &hellip;<\/p>\n","protected":false},"author":41,"featured_media":278438,"comment_status":"closed","ping_status":"closed","sticky":false,"template":"","format":"standard","meta":{"footnotes":""},"categories":[458,459,17988],"tags":[],"class_list":["post-278437","post","type-post","status-publish","format-standard","has-post-thumbnail","","category-dunya1","category-haberler-arap-uluslararasi-politika","category-son-haberler"],"_links":{"self":[{"href":"https:\/\/archive.sana.sy\/tr\/index.php?rest_route=\/wp\/v2\/posts\/278437","targetHints":{"allow":["GET"]}}],"collection":[{"href":"https:\/\/archive.sana.sy\/tr\/index.php?rest_route=\/wp\/v2\/posts"}],"about":[{"href":"https:\/\/archive.sana.sy\/tr\/index.php?rest_route=\/wp\/v2\/types\/post"}],"author":[{"embeddable":true,"href":"https:\/\/archive.sana.sy\/tr\/index.php?rest_route=\/wp\/v2\/users\/41"}],"replies":[{"embeddable":true,"href":"https:\/\/archive.sana.sy\/tr\/index.php?rest_route=%2Fwp%2Fv2%2Fcomments&post=278437"}],"version-history":[{"count":0,"href":"https:\/\/archive.sana.sy\/tr\/index.php?rest_route=\/wp\/v2\/posts\/278437\/revisions"}],"wp:featuredmedia":[{"embeddable":true,"href":"https:\/\/archive.sana.sy\/tr\/index.php?rest_route=\/wp\/v2\/media\/278438"}],"wp:attachment":[{"href":"https:\/\/archive.sana.sy\/tr\/index.php?rest_route=%2Fwp%2Fv2%2Fmedia&parent=278437"}],"wp:term":[{"taxonomy":"category","embeddable":true,"href":"https:\/\/archive.sana.sy\/tr\/index.php?rest_route=%2Fwp%2Fv2%2Fcategories&post=278437"},{"taxonomy":"post_tag","embeddable":true,"href":"https:\/\/archive.sana.sy\/tr\/index.php?rest_route=%2Fwp%2Fv2%2Ftags&post=278437"}],"curies":[{"name":"wp","href":"https:\/\/api.w.org\/{rel}","templated":true}]}}