{"id":278449,"date":"2023-04-09T17:10:58","date_gmt":"2023-04-09T14:10:58","guid":{"rendered":"http:\/\/sana.sy\/tr\/?p=278449"},"modified":"2023-04-10T09:30:17","modified_gmt":"2023-04-10T06:30:17","slug":"suriye-kalkinma-vakfi-nasib-sinir-kapisindan-depremzedeler-icin-yardim-kamyonlari-teslim-aldi","status":"publish","type":"post","link":"https:\/\/archive.sana.sy\/tr\/?p=278449","title":{"rendered":"Suriye Kalk\u0131nma Vakf\u0131, Nasib S\u0131n\u0131r Kap\u0131s\u0131 \u00dczerinden Depremzedeler \u0130\u00e7in Yard\u0131m Kamyonlar\u0131 Teslim Ald\u0131"},"content":{"rendered":"<p><strong>DERA<\/strong> \u2013 Suriye Kalk\u0131nma Vakf\u0131, depremden etkilenenlere destek olmak i\u00e7in bug\u00fcn g\u0131da, ila\u00e7 ve \u00e7ocuk malzemeleri y\u00fckl\u00fc 8 yard\u0131m kamyonunu Nasib s\u0131n\u0131r kap\u0131s\u0131ndan teslim ald\u0131.<\/p>\n<p>Nasib S\u0131n\u0131r Kap\u0131s\u0131 M\u00fcd\u00fcr\u00fc \u015eadi Abazeyid, yard\u0131m kamyonlar\u0131n, \u00dcrd\u00fcn&#8217;deki G\u0131da Evi \u015eirketi taraf\u0131ndan bebek mamas\u0131 kolilerini ta\u015f\u0131yan bir kamyona ek olarak, Kuveyt&#8217;teki Suriye b\u00fcy\u00fckel\u00e7ili\u011fi taraf\u0131ndan sa\u011flanan 7 TIR&#8217;dan olu\u015ftu\u011funu ve g\u0131da, ila\u00e7, s\u00fct, bebek bezi gibi \u00e7e\u015fitli yard\u0131m malzemelerinin ta\u015f\u0131nd\u0131\u011f\u0131n\u0131 a\u00e7\u0131klayarak, bu t\u0131rlar\u0131n y\u00fck\u00fcn\u00fcn depremden etkilenenlere da\u011f\u0131t\u0131laca\u011f\u0131na i\u015faret etti.<\/p>\n<div id='gallery-1' class='gallery galleryid-278449 gallery-columns-1 gallery-size-full'><figure class='gallery-item'>\n\t\t\t<div class='gallery-icon landscape'>\n\t\t\t\t<a href='https:\/\/archive.sana.sy\/tr\/?attachment_id=278452'><img loading=\"lazy\" decoding=\"async\" width=\"660\" height=\"394\" src=\"https:\/\/archive.sana.sy\/tr\/wp-content\/uploads\/2023\/04\/1-13.jpg\" class=\"attachment-full size-full\" alt=\"\" srcset=\"https:\/\/archive.sana.sy\/tr\/wp-content\/uploads\/2023\/04\/1-13.jpg 660w, https:\/\/archive.sana.sy\/tr\/wp-content\/uploads\/2023\/04\/1-13-300x179.jpg 300w\" sizes=\"auto, (max-width: 660px) 100vw, 660px\" \/><\/a>\n\t\t\t<\/div><\/figure><figure class='gallery-item'>\n\t\t\t<div class='gallery-icon landscape'>\n\t\t\t\t<a href='https:\/\/archive.sana.sy\/tr\/?attachment_id=278451'><img loading=\"lazy\" decoding=\"async\" width=\"660\" height=\"410\" src=\"https:\/\/archive.sana.sy\/tr\/wp-content\/uploads\/2023\/04\/2-13.jpg\" class=\"attachment-full size-full\" alt=\"\" srcset=\"https:\/\/archive.sana.sy\/tr\/wp-content\/uploads\/2023\/04\/2-13.jpg 660w, https:\/\/archive.sana.sy\/tr\/wp-content\/uploads\/2023\/04\/2-13-300x186.jpg 300w\" sizes=\"auto, (max-width: 660px) 100vw, 660px\" \/><\/a>\n\t\t\t<\/div><\/figure>\n\t\t<\/div>\n\n<p>R.M.<\/p>\n<p><a href=\"https:\/\/t.me\/SuriyeArapHaberAjansI\">Telegram Kanal\u0131m\u0131z\u00a0<\/a><\/p>\n<p><a href=\"https:\/\/www.facebook.com\/SANAHaberAjansi\/\">Facebook Sayfam\u0131z<\/a><\/p>\n","protected":false},"excerpt":{"rendered":"<p>DERA \u2013 Suriye Kalk\u0131nma Vakf\u0131, depremden etkilenenlere destek olmak i\u00e7in bug\u00fcn g\u0131da, ila\u00e7 ve \u00e7ocuk malzemeleri y\u00fckl\u00fc 8 yard\u0131m kamyonunu Nasib s\u0131n\u0131r kap\u0131s\u0131ndan teslim ald\u0131. Nasib S\u0131n\u0131r Kap\u0131s\u0131 M\u00fcd\u00fcr\u00fc \u015eadi Abazeyid, yard\u0131m kamyonlar\u0131n, \u00dcrd\u00fcn&#8217;deki G\u0131da Evi \u015eirketi taraf\u0131ndan bebek mamas\u0131 kolilerini ta\u015f\u0131yan bir kamyona ek olarak, Kuveyt&#8217;teki Suriye b\u00fcy\u00fckel\u00e7ili\u011fi taraf\u0131ndan sa\u011flanan 7 TIR&#8217;dan olu\u015ftu\u011funu ve &hellip;<\/p>\n","protected":false},"author":41,"featured_media":278450,"comment_status":"closed","ping_status":"closed","sticky":false,"template":"","format":"standard","meta":{"footnotes":""},"categories":[479,17988,478],"tags":[],"class_list":["post-278449","post","type-post","status-publish","format-standard","has-post-thumbnail","","category-haberler-yerel","category-son-haberler","category-yerel"],"_links":{"self":[{"href":"https:\/\/archive.sana.sy\/tr\/index.php?rest_route=\/wp\/v2\/posts\/278449","targetHints":{"allow":["GET"]}}],"collection":[{"href":"https:\/\/archive.sana.sy\/tr\/index.php?rest_route=\/wp\/v2\/posts"}],"about":[{"href":"https:\/\/archive.sana.sy\/tr\/index.php?rest_route=\/wp\/v2\/types\/post"}],"author":[{"embeddable":true,"href":"https:\/\/archive.sana.sy\/tr\/index.php?rest_route=\/wp\/v2\/users\/41"}],"replies":[{"embeddable":true,"href":"https:\/\/archive.sana.sy\/tr\/index.php?rest_route=%2Fwp%2Fv2%2Fcomments&post=278449"}],"version-history":[{"count":0,"href":"https:\/\/archive.sana.sy\/tr\/index.php?rest_route=\/wp\/v2\/posts\/278449\/revisions"}],"wp:featuredmedia":[{"embeddable":true,"href":"https:\/\/archive.sana.sy\/tr\/index.php?rest_route=\/wp\/v2\/media\/278450"}],"wp:attachment":[{"href":"https:\/\/archive.sana.sy\/tr\/index.php?rest_route=%2Fwp%2Fv2%2Fmedia&parent=278449"}],"wp:term":[{"taxonomy":"category","embeddable":true,"href":"https:\/\/archive.sana.sy\/tr\/index.php?rest_route=%2Fwp%2Fv2%2Fcategories&post=278449"},{"taxonomy":"post_tag","embeddable":true,"href":"https:\/\/archive.sana.sy\/tr\/index.php?rest_route=%2Fwp%2Fv2%2Ftags&post=278449"}],"curies":[{"name":"wp","href":"https:\/\/api.w.org\/{rel}","templated":true}]}}