{"id":278491,"date":"2023-04-09T18:09:03","date_gmt":"2023-04-09T15:09:03","guid":{"rendered":"http:\/\/sana.sy\/tr\/?p=278491"},"modified":"2023-04-11T09:30:16","modified_gmt":"2023-04-11T06:30:16","slug":"cumhurbaskani-esad-ve-iranli-mevkidasi-iki-ulke-arasindaki-ikili-iliskileri-ve-bolgedeki-gelismeleri-gorustu","status":"publish","type":"post","link":"https:\/\/archive.sana.sy\/tr\/?p=278491","title":{"rendered":"Cumhurba\u015fkan\u0131 Esad Ve \u0130ranl\u0131 Mevkida\u015f\u0131, \u0130ki \u00dclke Aras\u0131ndaki \u0130kili \u0130li\u015fkileri Ve B\u00f6lgedeki Geli\u015fmeleri G\u00f6r\u00fc\u015ft\u00fc"},"content":{"rendered":"<p><strong>\u015eAM<\/strong> &#8211; Cumhurba\u015fkan\u0131 Be\u015f\u015far Esad, bug\u00fcn \u0130ran Cumhurba\u015fkan\u0131 \u0130brahim Reisi ile yapt\u0131\u011f\u0131 telefon g\u00f6r\u00fc\u015fmesinde, \u00f6zellikle hakim olan olumlu siyasi atmosfer \u0131\u015f\u0131\u011f\u0131nda iki \u00fclke aras\u0131ndaki ikili ili\u015fkileri ve b\u00f6lgedeki geli\u015fmeleri ele ald\u0131.<\/p>\n<p>\u0130ki cumhurba\u015fkan\u0131, b\u00f6lgenin istikrar\u0131n\u0131n, \u00fclkeleri aras\u0131ndaki kal\u0131c\u0131 diyalog, egemenli\u011fe sayg\u0131 ve ortak \u00e7\u0131karlar\u0131n desteklenmesi yoluyla sa\u011flam ili\u015fkilere dayand\u0131\u011f\u0131n\u0131 vurgulayarak, iki \u00fclkenin ve genel olarak b\u00f6lgenin yarar\u0131na koordinasyon ve isti\u015farenin devam etmesini kaydetti.<\/p>\n<p>\u0130ki cumhurba\u015fkan\u0131 aras\u0131ndaki telefon g\u00f6r\u00fc\u015fmesinde ayr\u0131ca, \u0130srail i\u015fgal g\u00fc\u00e7lerinin Mescid-i Aksa&#8217;ya ve ibadet edenlere y\u00f6nelik sald\u0131rganlar\u0131 masaya yat\u0131r\u0131ld\u0131.<\/p>\n<p>Cumhurba\u015fkan\u0131 Esad ve Reisi, bu sald\u0131r\u0131lar\u0131n \u0130srail varl\u0131\u011f\u0131n\u0131n sald\u0131rgan politikas\u0131n\u0131 yans\u0131tt\u0131\u011f\u0131n\u0131 ve Suriye&#8217;ye y\u00f6nelik sivilleri hedef alan sald\u0131rganl\u0131klardan ayr\u0131lamaz oldu\u011funu de\u011ferlendirerek, direni\u015fin g\u00fcc\u00fc ve Filistin halk\u0131n\u0131n cesareti kar\u015f\u0131s\u0131nda onun zay\u0131fl\u0131\u011f\u0131n\u0131 ve ba\u015far\u0131s\u0131zl\u0131\u011f\u0131n\u0131 vurgulad\u0131lar.<\/p>\n<p>\u0130ran cumhurba\u015fkan\u0131, ter\u00f6rle m\u00fccadelenin Suriye&#8217;deki ulusal egemenli\u011fi desteklemekten kaynakland\u0131\u011f\u0131n\u0131 d\u00fc\u015f\u00fcnerek Suriye&#8217;nin egemenli\u011fine ve toprak b\u00fct\u00fcnl\u00fc\u011f\u00fcne sayg\u0131 duyulmas\u0131 gerekti\u011fini vurgulad\u0131.<\/p>\n<p>G\u00f6r\u00fc\u015fmede iki cumhurba\u015fkan\u0131, egemenliklerine ve onurlar\u0131na sar\u0131lan halklar\u0131n ve \u00fclkelerin uyan\u0131kl\u0131\u011f\u0131 sayesinde tek kutuplu sistemin yok olma yolunda oldu\u011funu da de\u011ferlendirdi.<\/p>\n<p>&nbsp;<\/p>\n<p>R.M.<\/p>\n<p><a href=\"https:\/\/t.me\/SuriyeArapHaberAjansI\">Telegram Kanal\u0131m\u0131z\u00a0<\/a><\/p>\n<p><a href=\"https:\/\/www.facebook.com\/SANAHaberAjansi\/\">Facebook Sayfam\u0131z<\/a><\/p>\n","protected":false},"excerpt":{"rendered":"<p>\u015eAM &#8211; Cumhurba\u015fkan\u0131 Be\u015f\u015far Esad, bug\u00fcn \u0130ran Cumhurba\u015fkan\u0131 \u0130brahim Reisi ile yapt\u0131\u011f\u0131 telefon g\u00f6r\u00fc\u015fmesinde, \u00f6zellikle hakim olan olumlu siyasi atmosfer \u0131\u015f\u0131\u011f\u0131nda iki \u00fclke aras\u0131ndaki ikili ili\u015fkileri ve b\u00f6lgedeki geli\u015fmeleri ele ald\u0131. \u0130ki cumhurba\u015fkan\u0131, b\u00f6lgenin istikrar\u0131n\u0131n, \u00fclkeleri aras\u0131ndaki kal\u0131c\u0131 diyalog, egemenli\u011fe sayg\u0131 ve ortak \u00e7\u0131karlar\u0131n desteklenmesi yoluyla sa\u011flam ili\u015fkilere dayand\u0131\u011f\u0131n\u0131 vurgulayarak, iki \u00fclkenin ve genel olarak &hellip;<\/p>\n","protected":false},"author":41,"featured_media":278492,"comment_status":"closed","ping_status":"closed","sticky":false,"template":"","format":"standard","meta":{"footnotes":""},"categories":[606,605,17988],"tags":[],"class_list":["post-278491","post","type-post","status-publish","format-standard","has-post-thumbnail","","category-cumhurbaskani","category-sayin-cumhurbaskani","category-son-haberler"],"_links":{"self":[{"href":"https:\/\/archive.sana.sy\/tr\/index.php?rest_route=\/wp\/v2\/posts\/278491","targetHints":{"allow":["GET"]}}],"collection":[{"href":"https:\/\/archive.sana.sy\/tr\/index.php?rest_route=\/wp\/v2\/posts"}],"about":[{"href":"https:\/\/archive.sana.sy\/tr\/index.php?rest_route=\/wp\/v2\/types\/post"}],"author":[{"embeddable":true,"href":"https:\/\/archive.sana.sy\/tr\/index.php?rest_route=\/wp\/v2\/users\/41"}],"replies":[{"embeddable":true,"href":"https:\/\/archive.sana.sy\/tr\/index.php?rest_route=%2Fwp%2Fv2%2Fcomments&post=278491"}],"version-history":[{"count":0,"href":"https:\/\/archive.sana.sy\/tr\/index.php?rest_route=\/wp\/v2\/posts\/278491\/revisions"}],"wp:featuredmedia":[{"embeddable":true,"href":"https:\/\/archive.sana.sy\/tr\/index.php?rest_route=\/wp\/v2\/media\/278492"}],"wp:attachment":[{"href":"https:\/\/archive.sana.sy\/tr\/index.php?rest_route=%2Fwp%2Fv2%2Fmedia&parent=278491"}],"wp:term":[{"taxonomy":"category","embeddable":true,"href":"https:\/\/archive.sana.sy\/tr\/index.php?rest_route=%2Fwp%2Fv2%2Fcategories&post=278491"},{"taxonomy":"post_tag","embeddable":true,"href":"https:\/\/archive.sana.sy\/tr\/index.php?rest_route=%2Fwp%2Fv2%2Ftags&post=278491"}],"curies":[{"name":"wp","href":"https:\/\/api.w.org\/{rel}","templated":true}]}}