{"id":2785,"date":"2014-06-11T12:24:44","date_gmt":"2014-06-11T09:24:44","guid":{"rendered":"http:\/\/sanasyria.org\/tr\/?p=2785"},"modified":"2014-06-14T14:00:16","modified_gmt":"2014-06-14T11:00:16","slug":"insani-durumlara-iliskin-karar-tasarisi-yeniden-duzenlendi","status":"publish","type":"post","link":"https:\/\/archive.sana.sy\/tr\/?p=2785","title":{"rendered":"\u0130nsani Durumlara \u0130li\u015fkin Karar Tasar\u0131s\u0131 Yeniden D\u00fczenlendi"},"content":{"rendered":"<p>MOSKOVA \u2013 Rusya&#8217;n\u0131n Birle\u015fmi\u015f Milletlerdeki Daimi Temsilcisi Vitaly Churkin; Rusya&#8217;n\u0131n Uluslararas\u0131 G\u00fcvenlik Konseyinde Suriye&#8217;de insani durumlar\u0131n iyile\u015ftirilmesine ili\u015fkin takdim etti\u011fi karar tasar\u0131s\u0131n\u0131 yeniden d\u00fczenledi\u011fini belirtti.<\/p>\n<p>Churkin d\u00fcn bas\u0131na yapt\u0131\u011f\u0131 a\u00e7\u0131klamada; Rusya&#8217;n\u0131n BM\u2019deki temsilcili\u011finin karar tasar\u0131s\u0131n\u0131 yeniden d\u00fczenledi\u011fini ifade ederken, g\u00fcvenlik konseyinde daimi \u00fcyelerin bu karar tasar\u0131s\u0131n\u0131 onaylamalar\u0131 temennisinde bulundu.<\/p>\n<p>Churkin daha \u00f6nce d\u00fczenledi\u011fi bas\u0131n toplant\u0131s\u0131nda Rusya&#8217;n\u0131n; Suriye&#8217;de insani koridorlar\u0131n a\u00e7\u0131lmas\u0131 ve abluka alt\u0131ndaki sivillerin tahliye edilip onlara insani yard\u0131mlar\u0131n a\u00e7\u0131lmas\u0131n\u0131n faydal\u0131 oldu\u011funa inand\u0131\u011f\u0131n\u0131 ifade etmi\u015fti.<\/p>\n<p>Bunun yeniden d\u00fczenlenen karar tasar\u0131s\u0131n\u0131n bir bendi oldu\u011funa i\u015faret eden Churkin; Rusya&#8217;n\u0131n Suriye&#8217;de insani durumlar\u0131 iyile\u015ftirecek herhangi bir karar tasar\u0131s\u0131 yada \u00e7abay\u0131 desteklemeye haz\u0131r oldu\u011funu belirtti.<\/p>\n","protected":false},"excerpt":{"rendered":"<p>MOSKOVA \u2013 Rusya&#8217;n\u0131n Birle\u015fmi\u015f Milletlerdeki Daimi Temsilcisi Vitaly Churkin; Rusya&#8217;n\u0131n Uluslararas\u0131 G\u00fcvenlik Konseyinde Suriye&#8217;de insani durumlar\u0131n iyile\u015ftirilmesine ili\u015fkin takdim etti\u011fi karar tasar\u0131s\u0131n\u0131 yeniden d\u00fczenledi\u011fini belirtti. Churkin d\u00fcn bas\u0131na yapt\u0131\u011f\u0131 a\u00e7\u0131klamada; Rusya&#8217;n\u0131n BM\u2019deki temsilcili\u011finin karar tasar\u0131s\u0131n\u0131 yeniden d\u00fczenledi\u011fini ifade ederken, g\u00fcvenlik konseyinde daimi \u00fcyelerin bu karar tasar\u0131s\u0131n\u0131 onaylamalar\u0131 temennisinde bulundu. Churkin daha \u00f6nce d\u00fczenledi\u011fi bas\u0131n toplant\u0131s\u0131nda &hellip;<\/p>\n","protected":false},"author":1,"featured_media":2786,"comment_status":"closed","ping_status":"closed","sticky":false,"template":"","format":"standard","meta":{"footnotes":""},"categories":[458,459,447],"tags":[626],"class_list":["post-2785","post","type-post","status-publish","format-standard","has-post-thumbnail","","category-dunya1","category-haberler-arap-uluslararasi-politika","category-politika","tag-insani-durumlara-iliskin-karar-tasarisi-yeniden-duzenlendi"],"_links":{"self":[{"href":"https:\/\/archive.sana.sy\/tr\/index.php?rest_route=\/wp\/v2\/posts\/2785","targetHints":{"allow":["GET"]}}],"collection":[{"href":"https:\/\/archive.sana.sy\/tr\/index.php?rest_route=\/wp\/v2\/posts"}],"about":[{"href":"https:\/\/archive.sana.sy\/tr\/index.php?rest_route=\/wp\/v2\/types\/post"}],"author":[{"embeddable":true,"href":"https:\/\/archive.sana.sy\/tr\/index.php?rest_route=\/wp\/v2\/users\/1"}],"replies":[{"embeddable":true,"href":"https:\/\/archive.sana.sy\/tr\/index.php?rest_route=%2Fwp%2Fv2%2Fcomments&post=2785"}],"version-history":[{"count":0,"href":"https:\/\/archive.sana.sy\/tr\/index.php?rest_route=\/wp\/v2\/posts\/2785\/revisions"}],"wp:featuredmedia":[{"embeddable":true,"href":"https:\/\/archive.sana.sy\/tr\/index.php?rest_route=\/wp\/v2\/media\/2786"}],"wp:attachment":[{"href":"https:\/\/archive.sana.sy\/tr\/index.php?rest_route=%2Fwp%2Fv2%2Fmedia&parent=2785"}],"wp:term":[{"taxonomy":"category","embeddable":true,"href":"https:\/\/archive.sana.sy\/tr\/index.php?rest_route=%2Fwp%2Fv2%2Fcategories&post=2785"},{"taxonomy":"post_tag","embeddable":true,"href":"https:\/\/archive.sana.sy\/tr\/index.php?rest_route=%2Fwp%2Fv2%2Ftags&post=2785"}],"curies":[{"name":"wp","href":"https:\/\/api.w.org\/{rel}","templated":true}]}}