{"id":278505,"date":"2023-04-10T10:31:10","date_gmt":"2023-04-10T07:31:10","guid":{"rendered":"https:\/\/sana.sy\/tr\/?p=278505"},"modified":"2023-04-11T09:30:37","modified_gmt":"2023-04-11T06:30:37","slug":"ulusal-deprem-merkezi-son-24-saatte-8-zayif-deprem-meydana-geldi","status":"publish","type":"post","link":"https:\/\/archive.sana.sy\/tr\/?p=278505","title":{"rendered":"Ulusal Deprem Merkezi: Son 24 Saatte 8 Zay\u0131f Deprem Meydana Geldi"},"content":{"rendered":"<p><strong>\u015eAM<\/strong>\u00a0\u2013 Ulusal Deprem Merkezi, son 24 saat i\u00e7inde 8 zay\u0131f \u015fiddetli depremin kaydedildi\u011fini ilan etti.<\/p>\n<p>Merkez yay\u0131nlad\u0131\u011f\u0131 ve SANA\u2019n\u0131n n\u00fcshas\u0131n\u0131 ald\u0131\u011f\u0131 a\u00e7\u0131klamada, \u201dUlusal Sismik \u0130zleme A\u011f\u0131 istasyonlar\u0131n\u0131n son 24 saat i\u00e7inde Lazkiye\u2019de1, \u0130skenderun\u2019da 5 ve T\u00fcrkiye\u2019de 2 deprem kaydedildi\u201d dedi.<\/p>\n<p>Merkez, sars\u0131nt\u0131lar\u0131n \u015fiddetinin Richter \u00f6l\u00e7e\u011fine g\u00f6re 1,5 ile 3 derece aras\u0131nda de\u011fi\u015fti\u011fini ve farkl\u0131 derinliklerde gelip 22 km\u2019ye ula\u015ft\u0131\u011f\u0131n\u0131 belirtti.<\/p>\n<p><a href=\"https:\/\/t.me\/SuriyeArapHaberAjansI\">Telegram Kanal\u0131m\u0131z\u00a0<\/a><\/p>\n<p><a href=\"https:\/\/www.facebook.com\/SANAHaberAjansi\/\">Facebook Sayfam\u0131z<\/a><\/p>\n","protected":false},"excerpt":{"rendered":"<p>\u015eAM\u00a0\u2013 Ulusal Deprem Merkezi, son 24 saat i\u00e7inde 8 zay\u0131f \u015fiddetli depremin kaydedildi\u011fini ilan etti. Merkez yay\u0131nlad\u0131\u011f\u0131 ve SANA\u2019n\u0131n n\u00fcshas\u0131n\u0131 ald\u0131\u011f\u0131 a\u00e7\u0131klamada, \u201dUlusal Sismik \u0130zleme A\u011f\u0131 istasyonlar\u0131n\u0131n son 24 saat i\u00e7inde Lazkiye\u2019de1, \u0130skenderun\u2019da 5 ve T\u00fcrkiye\u2019de 2 deprem kaydedildi\u201d dedi. Merkez, sars\u0131nt\u0131lar\u0131n \u015fiddetinin Richter \u00f6l\u00e7e\u011fine g\u00f6re 1,5 ile 3 derece aras\u0131nda de\u011fi\u015fti\u011fini ve farkl\u0131 derinliklerde &hellip;<\/p>\n","protected":false},"author":39,"featured_media":278506,"comment_status":"closed","ping_status":"closed","sticky":false,"template":"","format":"standard","meta":{"footnotes":""},"categories":[479,17988,478],"tags":[],"class_list":["post-278505","post","type-post","status-publish","format-standard","has-post-thumbnail","","category-haberler-yerel","category-son-haberler","category-yerel"],"_links":{"self":[{"href":"https:\/\/archive.sana.sy\/tr\/index.php?rest_route=\/wp\/v2\/posts\/278505","targetHints":{"allow":["GET"]}}],"collection":[{"href":"https:\/\/archive.sana.sy\/tr\/index.php?rest_route=\/wp\/v2\/posts"}],"about":[{"href":"https:\/\/archive.sana.sy\/tr\/index.php?rest_route=\/wp\/v2\/types\/post"}],"author":[{"embeddable":true,"href":"https:\/\/archive.sana.sy\/tr\/index.php?rest_route=\/wp\/v2\/users\/39"}],"replies":[{"embeddable":true,"href":"https:\/\/archive.sana.sy\/tr\/index.php?rest_route=%2Fwp%2Fv2%2Fcomments&post=278505"}],"version-history":[{"count":0,"href":"https:\/\/archive.sana.sy\/tr\/index.php?rest_route=\/wp\/v2\/posts\/278505\/revisions"}],"wp:featuredmedia":[{"embeddable":true,"href":"https:\/\/archive.sana.sy\/tr\/index.php?rest_route=\/wp\/v2\/media\/278506"}],"wp:attachment":[{"href":"https:\/\/archive.sana.sy\/tr\/index.php?rest_route=%2Fwp%2Fv2%2Fmedia&parent=278505"}],"wp:term":[{"taxonomy":"category","embeddable":true,"href":"https:\/\/archive.sana.sy\/tr\/index.php?rest_route=%2Fwp%2Fv2%2Fcategories&post=278505"},{"taxonomy":"post_tag","embeddable":true,"href":"https:\/\/archive.sana.sy\/tr\/index.php?rest_route=%2Fwp%2Fv2%2Ftags&post=278505"}],"curies":[{"name":"wp","href":"https:\/\/api.w.org\/{rel}","templated":true}]}}