{"id":278509,"date":"2023-04-10T11:05:26","date_gmt":"2023-04-10T08:05:26","guid":{"rendered":"https:\/\/sana.sy\/tr\/?p=278509"},"modified":"2023-04-11T09:30:42","modified_gmt":"2023-04-11T06:30:42","slug":"sukriden-pedersene-suriyede-terorizmi-ortadan-kaldirmanin-ve-dis-mudahaleye-son-vermenin-gerekliligi","status":"publish","type":"post","link":"https:\/\/archive.sana.sy\/tr\/?p=278509","title":{"rendered":"\u015e\u00fckri&#8217;den Pedersen&#8217;e: Suriye&#8217;de Ter\u00f6rizmi Ortadan Kald\u0131rman\u0131n Ve D\u0131\u015f M\u00fcdahaleye Son Vermenin Gereklili\u011fi"},"content":{"rendered":"<p><strong>KAH\u0130RE \u2013 <\/strong>M\u0131s\u0131r D\u0131\u015fi\u015fleri Bakan\u0131 Samih \u015eukri, Suriye&#8217;deki her t\u00fcrl\u00fc ter\u00f6rizmi ortadan kald\u0131rma ve buradaki d\u0131\u015f m\u00fcdahaleye son verme gere\u011fini vurgulad\u0131.<\/p>\n<p>M\u0131s\u0131r D\u0131\u015fi\u015fleri Bakanl\u0131\u011f\u0131 s\u00f6zc\u00fcs\u00fc Ahmed Ebu Zeyid, \u00a0&#8221;\u015e\u00fckri, d\u00fcn Birle\u015fmi\u015f Milletler Suriye \u00d6zel Temsilcisi Geir Pedersen ile yapt\u0131\u011f\u0131 telefon g\u00f6r\u00fc\u015fmesinde, M\u0131s\u0131r&#8217;\u0131n karde\u015f Suriye&#8217;nin g\u00fcvenlik ve istikrar\u0131n\u0131 yeniden sa\u011flamaya ve buradaki her t\u00fcrl\u00fc ter\u00f6rizmi ve yabanc\u0131 m\u00fcdahaleyi sona erdirmeye verdi\u011fi b\u00fcy\u00fck \u00f6nceli\u011fin \u0131\u015f\u0131\u011f\u0131nda \u00a0\u201cM\u0131s\u0131r&#8217;\u0131n, 2254 Say\u0131l\u0131 G\u00fcvenlik Konseyi Karar\u0131 uyar\u0131nca Suriye m\u00fclkiyetinde kapsaml\u0131 bir siyasi \u00e7\u00f6z\u00fcme ula\u015fmay\u0131 ama\u00e7layan BM \u00e7abalar\u0131na tam deste\u011fini ifade etti&#8221; dedi.<\/p>\n<p>Ebu Zeyid&#8217;e g\u00f6re, BM el\u00e7isi M\u0131s\u0131r&#8217;\u0131n Suriye&#8217;deki krize \u00e7\u00f6z\u00fcm bulmak i\u00e7in oynad\u0131\u011f\u0131 rol ve Birle\u015fmi\u015f Milletler&#8217;e verdi\u011fi s\u00fcrekli destek i\u00e7in takdirini ifade ederken, iki taraf \u00f6n\u00fcm\u00fczdeki d\u00f6nemde isti\u015fare ve koordinasyonu s\u00fcrd\u00fcrme konusunda anla\u015ft\u0131lar.<\/p>\n<p><a href=\"https:\/\/t.me\/SuriyeArapHaberAjansI\">Telegram Kanal\u0131m\u0131z\u00a0<\/a><\/p>\n<p><a href=\"https:\/\/www.facebook.com\/SANAHaberAjansi\/\">Facebook Sayfam\u0131z<\/a><\/p>\n","protected":false},"excerpt":{"rendered":"<p>KAH\u0130RE \u2013 M\u0131s\u0131r D\u0131\u015fi\u015fleri Bakan\u0131 Samih \u015eukri, Suriye&#8217;deki her t\u00fcrl\u00fc ter\u00f6rizmi ortadan kald\u0131rma ve buradaki d\u0131\u015f m\u00fcdahaleye son verme gere\u011fini vurgulad\u0131. M\u0131s\u0131r D\u0131\u015fi\u015fleri Bakanl\u0131\u011f\u0131 s\u00f6zc\u00fcs\u00fc Ahmed Ebu Zeyid, \u00a0&#8221;\u015e\u00fckri, d\u00fcn Birle\u015fmi\u015f Milletler Suriye \u00d6zel Temsilcisi Geir Pedersen ile yapt\u0131\u011f\u0131 telefon g\u00f6r\u00fc\u015fmesinde, M\u0131s\u0131r&#8217;\u0131n karde\u015f Suriye&#8217;nin g\u00fcvenlik ve istikrar\u0131n\u0131 yeniden sa\u011flamaya ve buradaki her t\u00fcrl\u00fc ter\u00f6rizmi ve &hellip;<\/p>\n","protected":false},"author":39,"featured_media":278510,"comment_status":"closed","ping_status":"closed","sticky":false,"template":"","format":"standard","meta":{"footnotes":""},"categories":[458,459,17988],"tags":[],"class_list":["post-278509","post","type-post","status-publish","format-standard","has-post-thumbnail","","category-dunya1","category-haberler-arap-uluslararasi-politika","category-son-haberler"],"_links":{"self":[{"href":"https:\/\/archive.sana.sy\/tr\/index.php?rest_route=\/wp\/v2\/posts\/278509","targetHints":{"allow":["GET"]}}],"collection":[{"href":"https:\/\/archive.sana.sy\/tr\/index.php?rest_route=\/wp\/v2\/posts"}],"about":[{"href":"https:\/\/archive.sana.sy\/tr\/index.php?rest_route=\/wp\/v2\/types\/post"}],"author":[{"embeddable":true,"href":"https:\/\/archive.sana.sy\/tr\/index.php?rest_route=\/wp\/v2\/users\/39"}],"replies":[{"embeddable":true,"href":"https:\/\/archive.sana.sy\/tr\/index.php?rest_route=%2Fwp%2Fv2%2Fcomments&post=278509"}],"version-history":[{"count":0,"href":"https:\/\/archive.sana.sy\/tr\/index.php?rest_route=\/wp\/v2\/posts\/278509\/revisions"}],"wp:featuredmedia":[{"embeddable":true,"href":"https:\/\/archive.sana.sy\/tr\/index.php?rest_route=\/wp\/v2\/media\/278510"}],"wp:attachment":[{"href":"https:\/\/archive.sana.sy\/tr\/index.php?rest_route=%2Fwp%2Fv2%2Fmedia&parent=278509"}],"wp:term":[{"taxonomy":"category","embeddable":true,"href":"https:\/\/archive.sana.sy\/tr\/index.php?rest_route=%2Fwp%2Fv2%2Fcategories&post=278509"},{"taxonomy":"post_tag","embeddable":true,"href":"https:\/\/archive.sana.sy\/tr\/index.php?rest_route=%2Fwp%2Fv2%2Ftags&post=278509"}],"curies":[{"name":"wp","href":"https:\/\/api.w.org\/{rel}","templated":true}]}}