{"id":27852,"date":"2015-03-28T21:07:32","date_gmt":"2015-03-28T18:07:32","guid":{"rendered":"http:\/\/www.sana.sy\/tr\/?p=27852"},"modified":"2015-03-29T16:01:26","modified_gmt":"2015-03-29T13:01:26","slug":"cokuluslu-ve-hain-teroristlere-yonelik-amansiz-operasyonlar-suruyor","status":"publish","type":"post","link":"https:\/\/archive.sana.sy\/tr\/?p=27852","title":{"rendered":"\u00c7okuluslu ve Hain Ter\u00f6ristlere Y\u00f6nelik Amans\u0131z Operasyonlar S\u00fcr\u00fcyor"},"content":{"rendered":"<p>\u0130LLER \u2013 Ordu birliklerimiz bug\u00fcn yurdun muhtelif b\u00f6lgelerinde \u00e7okuluslu ve hain ter\u00f6ristlere y\u00f6nelik operasyonlar\u0131n\u0131 s\u00fcrd\u00fcr\u00fcrken \u00e7ok say\u0131da arac\u0131 ta\u015f\u0131d\u0131\u011f\u0131 ter\u00f6ristler ve cephaneyle birlikte imha etti.<\/p>\n<p><span style=\"color: #0000ff\">Deyrezzor\u2019da Ter\u00f6ristlere Ait Bir\u00e7ok Ara\u00e7 \u0130mha Edildi<\/span><\/p>\n<p>Askeri kaynak ordu birliklerimizin Deyrezzor Kentinin Cebel el Serda B\u00f6lgesinde onlarca ter\u00f6risti \u00f6l\u00fc ve yaral\u0131 d\u00fc\u015f\u00fcr\u00fcp bir z\u0131rhl\u0131 ara\u00e7 ve a\u011f\u0131r makineli silahlarla donat\u0131lm\u0131\u015f iki arac\u0131 da imha ettiklerini belirtti.<\/p>\n<p><span style=\"color: #0000ff\">\u0130dlib ve K\u0131rsal\u0131nda Erdo\u011fan \u00c7etelerinin Be\u015feri Kay\u0131plar\u0131 Art\u0131yor<\/span><\/p>\n<p>Ordu birliklerimiz T\u00fcrkiye&#8217;deki rejimin deste\u011fi ve aleni komutas\u0131yla \u0130dlib Kentine h\u0131r\u00e7\u0131n sald\u0131r\u0131 ba\u015flatan Nusra Cephesi \u00e7etelerine ba\u015far\u0131yla kar\u015f\u0131 koymaya devam ediyor.<\/p>\n<p>\u0130dlib Kentinin do\u011fu giri\u015findeki Sanayi B\u00f6lgesi \u00e7evresi ve Ulusal M\u00fcze \u00e7evresine s\u0131zan radikal ter\u00f6ristlerin toplanma merkezlerine y\u00f6nelik\u00a0 ba\u015far\u0131l\u0131 operasyonlar d\u00fczenleyen ordu birliklerimiz y\u00fczlerce ter\u00f6risti \u00f6ld\u00fcrd\u00fc.<\/p>\n<p>Ordu birliklerimiz; ter\u00f6ristlerin \u0130dlib Kentinin kuzeydo\u011fu ve g\u00fcneybat\u0131 y\u00f6nlerine y\u00f6nelik sald\u0131r\u0131lar\u0131n\u0131 durdurduklar\u0131n\u0131 s\u00f6yledi. , durumlar\u0131 eski haline getirmek i\u00e7in \u015fiddetli \u00e7at\u0131\u015fmalar y\u00fcr\u00fctt\u00fcklerini ve ter\u00f6ristleri a\u011f\u0131r hasarlara u\u011fratt\u0131klar\u0131n\u0131 belirtti.<\/p>\n<p>Askeri kaynak ordu birliklerimizin \u0130dlib Kentinin g\u00fcneyinde, T\u00fcrkiye&#8217;den ak\u0131n eden binlerce ter\u00f6ristin sald\u0131r\u0131s\u0131na kar\u015f\u0131 koymaya haz\u0131rl\u0131k olarak yeniden konu\u015flanma operasyonu ger\u00e7ekle\u015ftirdiklerini aktard\u0131.<\/p>\n<p><span style=\"color: #0000ff\">Dera K\u0131rsal\u0131nda \u0130srail ile Ba\u011flant\u0131 Hatlar\u0131 Hedef Al\u0131nd\u0131<\/span><\/p>\n<p>Ordu birliklerimiz Dera k\u0131rsal\u0131nda \u0130srail ve \u00dcrd\u00fcn\u2019\u00fcn deste\u011fi ile masum sivillere ve hizmet kurumlar\u0131na kar\u015f\u0131 ter\u00f6r sald\u0131r\u0131lar\u0131nda bulunan radikal ve hain ter\u00f6ristlere y\u00f6nelik operasyonlar\u0131n\u0131 s\u00fcrd\u00fcr\u00fcyor.<\/p>\n<p>Ordu birliklerimiz Dera k\u0131rsal\u0131n\u0131n L\u00fcca B\u00f6lgesinde Muarrat el Bayda K\u00f6y\u00fcnde ordunun a\u011f\u0131r darbelerinden ka\u00e7\u0131p saklanan tekfirci ter\u00f6ristlerin siper ve toplanma yerlerini hedef ald\u0131. Operasyonlarda aralar\u0131nda yabanc\u0131lar\u0131n bulundu\u011fu \u00e7ok say\u0131da ter\u00f6rist \u00f6ld\u00fcr\u00fcl\u00fcrken, ara\u00e7 ve a\u011f\u0131r silahlar\u0131 da imha edildi.<\/p>\n<p>Ter\u00f6r \u00e7eteleri Dera k\u0131rsal\u0131n\u0131n muhtelif b\u00f6lgelerinde aralar\u0131nda tehlikelilerin bulundu\u011fu onlarca ter\u00f6ristin \u00f6ld\u00fcr\u00fcld\u00fc\u011f\u00fcn\u00fc itiraf etti.<\/p>\n<p><span style=\"color: #0000ff\">Kunaytra K\u0131rsal\u0131nda \u0130srail Destekli Nusra Cephesine A\u011f\u0131r Darbeler \u0130ndirildi<\/span><\/p>\n<p>Bu arada ordu birliklerimiz Kunaytra k\u0131rsal\u0131nda \u0130srail&#8217;in destekledi\u011fi Nusra Cephesine tabi Ahrar el \u015eam \u0130slami Hareketi ve Furkan T\u00fcmenleri ad\u0131yla bilinen radikal ter\u00f6r \u00e7etelere a\u011f\u0131r darbeler indirdi.<\/p>\n<p>Kunaytra k\u0131rsal\u0131n\u0131n g\u00fcneydo\u011fusu M\u015feyrfe B\u00f6lgesinde ter\u00f6ristlerin k\u00fcmelenme yerleri ve karargahlar\u0131n\u0131 muhtevalar\u0131yla imha eden ordu birliklerimiz aralar\u0131nda yabanc\u0131lar\u0131n bulundu\u011fu \u00e7ok say\u0131da ter\u00f6risti \u00f6ld\u00fcrd\u00fc. Operasyonlarda ayr\u0131ca cephane ve ter\u00f6rist ta\u015f\u0131yan bir\u00e7ok ara\u00e7 da y\u00fckleriyle birlikte imha edildi.<\/p>\n<p>Ordu birliklerimiz d\u00fcn ise Kunaytra k\u0131rsal\u0131nda, Dera il s\u0131n\u0131rlar\u0131na d\u00fc\u015fen k\u00f6y ve beldelerle co\u011frafik yak\u0131nl\u0131\u011f\u0131 olan Meshara Beldesinde ter\u00f6ristlere ait ara\u00e7 ve cephane depolar\u0131n\u0131 imha etmi\u015fti.<\/p>\n<p><span style=\"color: #0000ff\">Halep ve K\u0131rsal\u0131nda Erdo\u011fan Rejiminin Komutas\u0131ndaki Ter\u00f6ristlerin A\u011f\u0131r Kay\u0131plar\u0131 Devam Ediyor<\/span><\/p>\n<p>Askeri kaynak ordu birliklerimizin Halep k\u0131rsal\u0131 Uveyca, Mena\u015fir, \u015eakif, Deyr el Zeytun \u00e7evresi, bat\u0131 Ba\u015fk\u00f6y belde ve k\u00f6ylerinde T\u00fcrkiye&#8217;deki rejimin destekleyip y\u00f6nlendirdi\u011fi ter\u00f6ristlerin toplanma merkezleri, karargah ve ara\u00e7lar\u0131n\u0131 muhtevalar\u0131yla imha etti.<\/p>\n<p>Saha kaynaklar\u0131 operasyonlarda y\u00fcksek say\u0131da ter\u00f6ristin te\u00e7hizatlar\u0131yla birlikte etkisizle\u015ftirildi\u011fini aktard\u0131.<\/p>\n<p><span style=\"color: #0000ff\">Homs K\u0131rsal\u0131nda Ara\u00e7lar\u0131yla \u0130mha Ediliyorlar<\/span><\/p>\n<p>Homs k\u0131rsal\u0131nda ise askeri kaynak, ordu birliklerimizin Telbise\u2019de ter\u00f6r \u00f6rg\u00fctlere tabi a\u011f\u0131r makineli silah\u0131n monte edildi\u011fi bir arac\u0131 imha etti.<\/p>\n<p>\u0130lin do\u011fu k\u0131rsal\u0131nda radikal ter\u00f6ristlere kar\u015f\u0131 operasyonlar\u0131n\u0131 s\u00fcrd\u00fcren ordu birliklerimiz aralar\u0131nda yabanc\u0131lar\u0131n bulundu\u011fu \u00e7ok say\u0131da ter\u00f6risti \u00f6ld\u00fcrd\u00fc.<\/p>\n<p>A.A.<\/p>\n","protected":false},"excerpt":{"rendered":"<p>\u0130LLER \u2013 Ordu birliklerimiz bug\u00fcn yurdun muhtelif b\u00f6lgelerinde \u00e7okuluslu ve hain ter\u00f6ristlere y\u00f6nelik operasyonlar\u0131n\u0131 s\u00fcrd\u00fcr\u00fcrken \u00e7ok say\u0131da arac\u0131 ta\u015f\u0131d\u0131\u011f\u0131 ter\u00f6ristler ve cephaneyle birlikte imha etti. Deyrezzor\u2019da Ter\u00f6ristlere Ait Bir\u00e7ok Ara\u00e7 \u0130mha Edildi Askeri kaynak ordu birliklerimizin Deyrezzor Kentinin Cebel el Serda B\u00f6lgesinde onlarca ter\u00f6risti \u00f6l\u00fc ve yaral\u0131 d\u00fc\u015f\u00fcr\u00fcp bir z\u0131rhl\u0131 ara\u00e7 ve a\u011f\u0131r makineli silahlarla &hellip;<\/p>\n","protected":false},"author":1,"featured_media":27855,"comment_status":"closed","ping_status":"closed","sticky":false,"template":"","format":"standard","meta":{"footnotes":""},"categories":[575],"tags":[13040],"class_list":["post-27852","post","type-post","status-publish","format-standard","has-post-thumbnail","","category-olaylar-ve-gercekler","tag-cokuluslu-ve-hain-teroristlere-yonelik-amansiz-operasyonlar-suruyor-iller-ordu-birliklerimiz-bugun-yurdun-muhtelif-bolgelerinde-cokuluslu-ve-hain-teroristlere-yonelik-operasyonlarini-surduru"],"_links":{"self":[{"href":"https:\/\/archive.sana.sy\/tr\/index.php?rest_route=\/wp\/v2\/posts\/27852","targetHints":{"allow":["GET"]}}],"collection":[{"href":"https:\/\/archive.sana.sy\/tr\/index.php?rest_route=\/wp\/v2\/posts"}],"about":[{"href":"https:\/\/archive.sana.sy\/tr\/index.php?rest_route=\/wp\/v2\/types\/post"}],"author":[{"embeddable":true,"href":"https:\/\/archive.sana.sy\/tr\/index.php?rest_route=\/wp\/v2\/users\/1"}],"replies":[{"embeddable":true,"href":"https:\/\/archive.sana.sy\/tr\/index.php?rest_route=%2Fwp%2Fv2%2Fcomments&post=27852"}],"version-history":[{"count":0,"href":"https:\/\/archive.sana.sy\/tr\/index.php?rest_route=\/wp\/v2\/posts\/27852\/revisions"}],"wp:featuredmedia":[{"embeddable":true,"href":"https:\/\/archive.sana.sy\/tr\/index.php?rest_route=\/wp\/v2\/media\/27855"}],"wp:attachment":[{"href":"https:\/\/archive.sana.sy\/tr\/index.php?rest_route=%2Fwp%2Fv2%2Fmedia&parent=27852"}],"wp:term":[{"taxonomy":"category","embeddable":true,"href":"https:\/\/archive.sana.sy\/tr\/index.php?rest_route=%2Fwp%2Fv2%2Fcategories&post=27852"},{"taxonomy":"post_tag","embeddable":true,"href":"https:\/\/archive.sana.sy\/tr\/index.php?rest_route=%2Fwp%2Fv2%2Ftags&post=27852"}],"curies":[{"name":"wp","href":"https:\/\/api.w.org\/{rel}","templated":true}]}}