{"id":278592,"date":"2023-04-11T23:11:15","date_gmt":"2023-04-11T20:11:15","guid":{"rendered":"https:\/\/sana.sy\/tr\/?p=278592"},"modified":"2023-04-13T09:34:59","modified_gmt":"2023-04-13T06:34:59","slug":"tesrin-arap-sampiyon-kulupler-sampiyonasinda-2-tura-yukseldi","status":"publish","type":"post","link":"https:\/\/archive.sana.sy\/tr\/?p=278592","title":{"rendered":"Te\u015frin, Arap \u015eampiyon Kul\u00fcpler \u015eampiyonas\u0131nda 2. Tura Y\u00fckseldi"},"content":{"rendered":"<p>R\u0130YAD &#8211; Suudi Arabistan&#8217;da d\u00fczenlenen Arap \u015eampiyon Kul\u00fcpler \u015eampiyonas\u0131&#8217;nda Te\u015frin Spor Kul\u00fcb\u00fc, ilk tur r\u00f6van\u015f ma\u00e7\u0131nda Sudanl\u0131 El Merrih tak\u0131m\u0131n\u0131 1-0 ma\u011flup ederek ikinci tura y\u00fckseldi.<\/p>\n<p>Ge\u00e7ti\u011fimiz Cuma g\u00fcn\u00fc iki tak\u0131m\u0131 bir araya getiren ma\u00e7\u0131 El Merrih tak\u0131m\u0131n\u0131n 2-1&#8217;lik galibiyetiyle sona ermi\u015fti.<\/p>\n<p>Te\u015frin, Irak Hava Kuvvetleri ve Suudi Gen\u00e7lik tak\u0131mlar\u0131n\u0131n galibiyle oynarken, buradan galip gelecek tak\u0131m, birinci turdan ba\u015fka tak\u0131m yan\u0131 s\u0131ra M\u0131s\u0131rl\u0131 Zemalik ve \u00a0Suudili Al Nasr kul\u00fcplerini i\u00e7eren \u00fc\u00e7\u00fcnc\u00fc gruba kat\u0131lacakt\u0131r.<\/p>\n<div id='gallery-1' class='gallery galleryid-278592 gallery-columns-1 gallery-size-full'><figure class='gallery-item'>\n\t\t\t<div class='gallery-icon landscape'>\n\t\t\t\t<a href='https:\/\/archive.sana.sy\/tr\/wp-content\/uploads\/2023\/04\/photo_2023-04-12_00-41-56.jpg'><img loading=\"lazy\" decoding=\"async\" width=\"660\" height=\"439\" src=\"https:\/\/archive.sana.sy\/tr\/wp-content\/uploads\/2023\/04\/photo_2023-04-12_00-41-56.jpg\" class=\"attachment-full size-full\" alt=\"\" srcset=\"https:\/\/archive.sana.sy\/tr\/wp-content\/uploads\/2023\/04\/photo_2023-04-12_00-41-56.jpg 660w, https:\/\/archive.sana.sy\/tr\/wp-content\/uploads\/2023\/04\/photo_2023-04-12_00-41-56-300x200.jpg 300w, https:\/\/archive.sana.sy\/tr\/wp-content\/uploads\/2023\/04\/photo_2023-04-12_00-41-56-310x205.jpg 310w\" sizes=\"auto, (max-width: 660px) 100vw, 660px\" \/><\/a>\n\t\t\t<\/div><\/figure>\n\t\t<\/div>\n\n<p><a href=\"https:\/\/t.me\/SuriyeArapHaberAjansI\">Telegram Kanal\u0131m\u0131z\u00a0<\/a><\/p>\n<p><a href=\"https:\/\/www.facebook.com\/SANAHaberAjansi\/\">Facebook Sayfam\u0131z<\/a><\/p>\n","protected":false},"excerpt":{"rendered":"<p>R\u0130YAD &#8211; Suudi Arabistan&#8217;da d\u00fczenlenen Arap \u015eampiyon Kul\u00fcpler \u015eampiyonas\u0131&#8217;nda Te\u015frin Spor Kul\u00fcb\u00fc, ilk tur r\u00f6van\u015f ma\u00e7\u0131nda Sudanl\u0131 El Merrih tak\u0131m\u0131n\u0131 1-0 ma\u011flup ederek ikinci tura y\u00fckseldi. Ge\u00e7ti\u011fimiz Cuma g\u00fcn\u00fc iki tak\u0131m\u0131 bir araya getiren ma\u00e7\u0131 El Merrih tak\u0131m\u0131n\u0131n 2-1&#8217;lik galibiyetiyle sona ermi\u015fti. Te\u015frin, Irak Hava Kuvvetleri ve Suudi Gen\u00e7lik tak\u0131mlar\u0131n\u0131n galibiyle oynarken, buradan galip gelecek &hellip;<\/p>\n","protected":false},"author":39,"featured_media":278593,"comment_status":"closed","ping_status":"closed","sticky":false,"template":"","format":"standard","meta":{"footnotes":""},"categories":[498,17988,496],"tags":[],"class_list":["post-278592","post","type-post","status-publish","format-standard","has-post-thumbnail","","category-dunya-turnuvalari","category-son-haberler","category-spor"],"_links":{"self":[{"href":"https:\/\/archive.sana.sy\/tr\/index.php?rest_route=\/wp\/v2\/posts\/278592","targetHints":{"allow":["GET"]}}],"collection":[{"href":"https:\/\/archive.sana.sy\/tr\/index.php?rest_route=\/wp\/v2\/posts"}],"about":[{"href":"https:\/\/archive.sana.sy\/tr\/index.php?rest_route=\/wp\/v2\/types\/post"}],"author":[{"embeddable":true,"href":"https:\/\/archive.sana.sy\/tr\/index.php?rest_route=\/wp\/v2\/users\/39"}],"replies":[{"embeddable":true,"href":"https:\/\/archive.sana.sy\/tr\/index.php?rest_route=%2Fwp%2Fv2%2Fcomments&post=278592"}],"version-history":[{"count":0,"href":"https:\/\/archive.sana.sy\/tr\/index.php?rest_route=\/wp\/v2\/posts\/278592\/revisions"}],"wp:featuredmedia":[{"embeddable":true,"href":"https:\/\/archive.sana.sy\/tr\/index.php?rest_route=\/wp\/v2\/media\/278593"}],"wp:attachment":[{"href":"https:\/\/archive.sana.sy\/tr\/index.php?rest_route=%2Fwp%2Fv2%2Fmedia&parent=278592"}],"wp:term":[{"taxonomy":"category","embeddable":true,"href":"https:\/\/archive.sana.sy\/tr\/index.php?rest_route=%2Fwp%2Fv2%2Fcategories&post=278592"},{"taxonomy":"post_tag","embeddable":true,"href":"https:\/\/archive.sana.sy\/tr\/index.php?rest_route=%2Fwp%2Fv2%2Ftags&post=278592"}],"curies":[{"name":"wp","href":"https:\/\/api.w.org\/{rel}","templated":true}]}}