{"id":278596,"date":"2023-04-12T12:54:51","date_gmt":"2023-04-12T09:54:51","guid":{"rendered":"https:\/\/sana.sy\/tr\/?p=278596"},"modified":"2023-04-14T09:23:46","modified_gmt":"2023-04-14T06:23:46","slug":"tunusun-sama-buyukelci-atama-girisimine-yanit-olarak-suriye-tunustaki-buyukelciligini-yeniden-acmaya-karar-verdi","status":"publish","type":"post","link":"https:\/\/archive.sana.sy\/tr\/?p=278596","title":{"rendered":"Tunus&#8217;un \u015eam&#8217;a B\u00fcy\u00fckel\u00e7i Atama Giri\u015fimine Yan\u0131t Olarak Suriye, Tunus&#8217;taki B\u00fcy\u00fckel\u00e7ili\u011fini Yeniden A\u00e7maya Karar Verdi"},"content":{"rendered":"<p><strong>\u015eAM \u2013 <\/strong>Suriye ve Tunus bug\u00fcn yapt\u0131klar\u0131 ortak a\u00e7\u0131klamada, Tunus Cumhurba\u015fkan\u0131 Kayis Said&#8217;in \u015eam&#8217;daki \u00fclkesine b\u00fcy\u00fckel\u00e7i atama giri\u015fimine yan\u0131t olarak Suriye&#8217;nin Tunus&#8217;taki b\u00fcy\u00fckel\u00e7ili\u011fini yeniden a\u00e7maya ve ba\u015f\u0131na bir b\u00fcy\u00fckel\u00e7i atamaya karar verdi\u011fini ilan etti.<\/p>\n<p>SANA\u2019ya bir n\u00fcshas\u0131n\u0131n ula\u015ft\u0131\u011f\u0131 a\u00e7\u0131klamada: \u201cTunus Cumhuriyeti Cumhurba\u015fkan\u0131 Kayis Said&#8217;in Suriye Arap Cumhuriyeti&#8217;ne b\u00fcy\u00fckel\u00e7i atama giri\u015fimine yan\u0131t olarak, Suriye h\u00fck\u00fcmeti bu atamay\u0131 derhal onaylad\u0131\u011f\u0131n\u0131 duyurdu ve Tunus&#8217;taki Suriye b\u00fcy\u00fckel\u00e7ili\u011fini yeniden a\u00e7maya ve ba\u015f\u0131na bir b\u00fcy\u00fckel\u00e7i atamaya karar verdi\u201d dedi.<\/p>\n<p>A\u00e7\u0131klamada, &#8221;Suriye-Tunus ili\u015fkilerini normal seyrine d\u00f6nd\u00fcrmek her iki taraf\u0131n da \u00e7\u0131kar\u0131na, Suriye ile Tunus&#8217;u birle\u015ftiren k\u00f6kl\u00fc karde\u015flik ba\u011flar\u0131n\u0131 g\u00fc\u00e7lendirmek ve aralar\u0131ndaki dayan\u0131\u015fma ve sinerji de\u011ferlerini onurland\u0131rmak amac\u0131yla iki \u00fclke d\u0131\u015fi\u015fleri bakanlar\u0131 aras\u0131nda isti\u015fare ve koordinasyon devam ediyor&#8221; ifadeler kullan\u0131ld\u0131.<\/p>\n<p><a href=\"https:\/\/t.me\/SuriyeArapHaberAjansI\">Telegram Kanal\u0131m\u0131z\u00a0<\/a><\/p>\n<p><a href=\"https:\/\/www.facebook.com\/SANAHaberAjansi\/\">Facebook Sayfam\u0131z<\/a><\/p>\n","protected":false},"excerpt":{"rendered":"<p>\u015eAM \u2013 Suriye ve Tunus bug\u00fcn yapt\u0131klar\u0131 ortak a\u00e7\u0131klamada, Tunus Cumhurba\u015fkan\u0131 Kayis Said&#8217;in \u015eam&#8217;daki \u00fclkesine b\u00fcy\u00fckel\u00e7i atama giri\u015fimine yan\u0131t olarak Suriye&#8217;nin Tunus&#8217;taki b\u00fcy\u00fckel\u00e7ili\u011fini yeniden a\u00e7maya ve ba\u015f\u0131na bir b\u00fcy\u00fckel\u00e7i atamaya karar verdi\u011fini ilan etti. SANA\u2019ya bir n\u00fcshas\u0131n\u0131n ula\u015ft\u0131\u011f\u0131 a\u00e7\u0131klamada: \u201cTunus Cumhuriyeti Cumhurba\u015fkan\u0131 Kayis Said&#8217;in Suriye Arap Cumhuriyeti&#8217;ne b\u00fcy\u00fckel\u00e7i atama giri\u015fimine yan\u0131t olarak, Suriye h\u00fck\u00fcmeti bu &hellip;<\/p>\n","protected":false},"author":39,"featured_media":278597,"comment_status":"closed","ping_status":"closed","sticky":false,"template":"","format":"standard","meta":{"footnotes":""},"categories":[479,17988,478],"tags":[],"class_list":["post-278596","post","type-post","status-publish","format-standard","has-post-thumbnail","","category-haberler-yerel","category-son-haberler","category-yerel"],"_links":{"self":[{"href":"https:\/\/archive.sana.sy\/tr\/index.php?rest_route=\/wp\/v2\/posts\/278596","targetHints":{"allow":["GET"]}}],"collection":[{"href":"https:\/\/archive.sana.sy\/tr\/index.php?rest_route=\/wp\/v2\/posts"}],"about":[{"href":"https:\/\/archive.sana.sy\/tr\/index.php?rest_route=\/wp\/v2\/types\/post"}],"author":[{"embeddable":true,"href":"https:\/\/archive.sana.sy\/tr\/index.php?rest_route=\/wp\/v2\/users\/39"}],"replies":[{"embeddable":true,"href":"https:\/\/archive.sana.sy\/tr\/index.php?rest_route=%2Fwp%2Fv2%2Fcomments&post=278596"}],"version-history":[{"count":0,"href":"https:\/\/archive.sana.sy\/tr\/index.php?rest_route=\/wp\/v2\/posts\/278596\/revisions"}],"wp:featuredmedia":[{"embeddable":true,"href":"https:\/\/archive.sana.sy\/tr\/index.php?rest_route=\/wp\/v2\/media\/278597"}],"wp:attachment":[{"href":"https:\/\/archive.sana.sy\/tr\/index.php?rest_route=%2Fwp%2Fv2%2Fmedia&parent=278596"}],"wp:term":[{"taxonomy":"category","embeddable":true,"href":"https:\/\/archive.sana.sy\/tr\/index.php?rest_route=%2Fwp%2Fv2%2Fcategories&post=278596"},{"taxonomy":"post_tag","embeddable":true,"href":"https:\/\/archive.sana.sy\/tr\/index.php?rest_route=%2Fwp%2Fv2%2Ftags&post=278596"}],"curies":[{"name":"wp","href":"https:\/\/api.w.org\/{rel}","templated":true}]}}