{"id":278600,"date":"2023-04-12T13:03:35","date_gmt":"2023-04-12T10:03:35","guid":{"rendered":"https:\/\/sana.sy\/tr\/?p=278600"},"modified":"2023-04-13T09:38:30","modified_gmt":"2023-04-13T06:38:30","slug":"suriye-mescid-i-aksaya-yonelik-yerlesimci-saldirilarini-ve-isgal-suclarina-karsi-uluslararasi-sessizligi-kinadigini-yinelidi","status":"publish","type":"post","link":"https:\/\/archive.sana.sy\/tr\/?p=278600","title":{"rendered":"Suriye, Mescid-i Aksa&#8217;ya Y\u00f6nelik Yerle\u015fimci Sald\u0131r\u0131lar\u0131n\u0131 Ve \u0130\u015fgal Su\u00e7lar\u0131na Kar\u015f\u0131 Uluslararas\u0131 Sessizli\u011fi K\u0131nad\u0131\u011f\u0131n\u0131 Yinelidi"},"content":{"rendered":"<p><strong>\u015eAM<\/strong> \u2013 Suriye, \u0130srailli yerle\u015fimcilerin Mescid-i Aksa&#8217;ya tekrarlayan sald\u0131r\u0131lar\u0131n\u0131 k\u0131nad\u0131\u011f\u0131n\u0131 yineleyerek, i\u015fgalin su\u00e7lar\u0131na y\u00f6nelik uluslararas\u0131 sessizli\u011fi ve buna y\u00f6nelik devam eden Bat\u0131 korumas\u0131na y\u00f6nelik k\u0131namas\u0131n\u0131 ifade etti.<\/p>\n<p>D\u0131\u015fi\u015fleri Bakanl\u0131\u011f\u0131n\u0131n yay\u0131nlad\u0131\u011f\u0131 ve SANA\u2019n\u0131n bir n\u00fcshas\u0131n\u0131 ald\u0131\u011f\u0131 a\u00e7\u0131klamad, Suriye, \u0130srailli yerle\u015fimcilerin i\u015fgal g\u00fc\u00e7lerinin korumas\u0131 alt\u0131ndaki Mescid-i Aksa&#8217;ya ve ibadet eden Filistinlilere y\u00f6nelik tekrarlayan sald\u0131r\u0131lar\u0131n\u0131 k\u0131nad\u0131\u011f\u0131n\u0131 ve bu sald\u0131r\u0131lar\u0131n Mescid-i Aksa&#8217;daki tarihi ve hukuki stat\u00fckonun ihlali oldu\u011funu vurgulad\u0131.<\/p>\n<p>D\u0131\u015fi\u015fleri Bakanl\u0131\u011f\u0131 a\u00e7\u0131kamas\u0131nda ay\u0131rca, &#8221;Suriye, uluslararas\u0131 sessizli\u011fe ve bu varl\u0131\u011f\u0131n ve i\u015fledi\u011fi su\u00e7lar\u0131n Bat\u0131 taraf\u0131ndan s\u00fcrd\u00fcr\u00fclen korumas\u0131na \u00fcz\u00fcl\u00fcrken, Filistin halk\u0131na y\u00f6nelik bu s\u00fcrekli sald\u0131r\u0131lar\u0131n uluslararas\u0131 hukuk ve insan haklar\u0131 s\u00f6zle\u015fmesinin a\u00e7\u0131k bir ihlali oldu\u011funu teyit ediyor.&#8221; diyerek, uluslararas\u0131 toplumun ahlaki sorumluluklar\u0131n\u0131 yerine getirmesi ve \u0131rk\u00e7\u0131 ve ter\u00f6rist niteli\u011fini g\u00f6steren bu uygulamalar\u0131 ve sald\u0131r\u0131lar\u0131 durdurmas\u0131 i\u00e7in Siyonist olu\u015fuma bask\u0131 yapmas\u0131 gerekti\u011fine i\u015faret etti.<\/p>\n<p><a href=\"https:\/\/t.me\/SuriyeArapHaberAjansI\">Telegram Kanal\u0131m\u0131z\u00a0<\/a><\/p>\n<p><a href=\"https:\/\/www.facebook.com\/SANAHaberAjansi\/\">Facebook Sayfam\u0131z<\/a><\/p>\n","protected":false},"excerpt":{"rendered":"<p>\u015eAM \u2013 Suriye, \u0130srailli yerle\u015fimcilerin Mescid-i Aksa&#8217;ya tekrarlayan sald\u0131r\u0131lar\u0131n\u0131 k\u0131nad\u0131\u011f\u0131n\u0131 yineleyerek, i\u015fgalin su\u00e7lar\u0131na y\u00f6nelik uluslararas\u0131 sessizli\u011fi ve buna y\u00f6nelik devam eden Bat\u0131 korumas\u0131na y\u00f6nelik k\u0131namas\u0131n\u0131 ifade etti. D\u0131\u015fi\u015fleri Bakanl\u0131\u011f\u0131n\u0131n yay\u0131nlad\u0131\u011f\u0131 ve SANA\u2019n\u0131n bir n\u00fcshas\u0131n\u0131 ald\u0131\u011f\u0131 a\u00e7\u0131klamad, Suriye, \u0130srailli yerle\u015fimcilerin i\u015fgal g\u00fc\u00e7lerinin korumas\u0131 alt\u0131ndaki Mescid-i Aksa&#8217;ya ve ibadet eden Filistinlilere y\u00f6nelik tekrarlayan sald\u0131r\u0131lar\u0131n\u0131 k\u0131nad\u0131\u011f\u0131n\u0131 ve bu &hellip;<\/p>\n","protected":false},"author":39,"featured_media":278601,"comment_status":"closed","ping_status":"closed","sticky":false,"template":"","format":"standard","meta":{"footnotes":""},"categories":[479,17988,478],"tags":[],"class_list":["post-278600","post","type-post","status-publish","format-standard","has-post-thumbnail","","category-haberler-yerel","category-son-haberler","category-yerel"],"_links":{"self":[{"href":"https:\/\/archive.sana.sy\/tr\/index.php?rest_route=\/wp\/v2\/posts\/278600","targetHints":{"allow":["GET"]}}],"collection":[{"href":"https:\/\/archive.sana.sy\/tr\/index.php?rest_route=\/wp\/v2\/posts"}],"about":[{"href":"https:\/\/archive.sana.sy\/tr\/index.php?rest_route=\/wp\/v2\/types\/post"}],"author":[{"embeddable":true,"href":"https:\/\/archive.sana.sy\/tr\/index.php?rest_route=\/wp\/v2\/users\/39"}],"replies":[{"embeddable":true,"href":"https:\/\/archive.sana.sy\/tr\/index.php?rest_route=%2Fwp%2Fv2%2Fcomments&post=278600"}],"version-history":[{"count":0,"href":"https:\/\/archive.sana.sy\/tr\/index.php?rest_route=\/wp\/v2\/posts\/278600\/revisions"}],"wp:featuredmedia":[{"embeddable":true,"href":"https:\/\/archive.sana.sy\/tr\/index.php?rest_route=\/wp\/v2\/media\/278601"}],"wp:attachment":[{"href":"https:\/\/archive.sana.sy\/tr\/index.php?rest_route=%2Fwp%2Fv2%2Fmedia&parent=278600"}],"wp:term":[{"taxonomy":"category","embeddable":true,"href":"https:\/\/archive.sana.sy\/tr\/index.php?rest_route=%2Fwp%2Fv2%2Fcategories&post=278600"},{"taxonomy":"post_tag","embeddable":true,"href":"https:\/\/archive.sana.sy\/tr\/index.php?rest_route=%2Fwp%2Fv2%2Ftags&post=278600"}],"curies":[{"name":"wp","href":"https:\/\/api.w.org\/{rel}","templated":true}]}}