{"id":27877,"date":"2015-03-28T20:42:26","date_gmt":"2015-03-28T17:42:26","guid":{"rendered":"http:\/\/www.sana.sy\/tr\/?p=27877"},"modified":"2015-03-28T21:10:37","modified_gmt":"2015-03-28T18:10:37","slug":"teror-gruplarini-desteklemesi-israilin-hukuksuzlukta-sinir-tanimayacaginin-kanitidir","status":"publish","type":"post","link":"https:\/\/archive.sana.sy\/tr\/?p=27877","title":{"rendered":"Ter\u00f6r Gruplar\u0131n\u0131 Desteklemesi \u0130srail\u2019in Hukuksuzlukta S\u0131n\u0131r Tan\u0131mayaca\u011f\u0131n\u0131n Kan\u0131t\u0131d\u0131r"},"content":{"rendered":"<p>\u015eAM \u2013 D\u0131\u015fi\u015fleri ve Gurbet\u00e7iler Bakanl\u0131\u011f\u0131, New York\u2019ta BM ve Cenevre\u2019de \u0130nsan Haklar\u0131 Komisyonu daimi temsilci heyetlerine K\u0131z\u0131lha\u00e7 \u00d6rg\u00fct\u00fc ve ilgili hukuk \u00f6rg\u00fctleri ile koordinasyon kurarak, \u0130srail i\u015fgal g\u00fc\u00e7leri taraf\u0131ndan tutuklanan Suriyeli Esir S\u0131tk\u0131 el Makt\u2019\u0131n durumunu takip etmeleri i\u00e7in y\u00f6nlendirmede bulundu.<\/p>\n<p>D\u0131\u015fi\u015fleri ve Gurbet\u00e7iler Bakanl\u0131\u011f\u0131 bug\u00fcn New York ve Cenevre\u2019de bulunan temsilci heyetlerine g\u00f6nderdi\u011fi ve bir n\u00fcshas\u0131 SANA\u2019ya ula\u015fan talimat\u0131nda, Suriyeli esir Makt\u2019\u0131n \u0130srail i\u015fgal g\u00fc\u00e7leri taraf\u0131ndan herhangi bir hukuki gerek\u00e7e g\u00f6sterilmeden tutukland\u0131\u011f\u0131na dikkat \u00e7ekti.<\/p>\n<p>Makt\u2019\u0131n \u0130srail i\u015fgal g\u00fc\u00e7leri taraf\u0131ndan i\u015fkence ve \u015fiddete maruz kald\u0131\u011f\u0131na i\u015faret eden bakanl\u0131k, ailesi ve avukatlar\u0131n\u0131n, Makt\u2019\u0131n tutuklulu\u011funun uzun s\u00fcrece\u011fi ve \u0130srail otoriteleri taraf\u0131ndan uydurma itham ve su\u00e7lamalarla yarg\u0131lanaca\u011f\u0131 y\u00f6n\u00fcnde bilgilere ula\u015ft\u0131klar\u0131n\u0131 ibraz etti.<\/p>\n<p>Bakanl\u0131k, Golan topraklar\u0131nda bulunan uluslararas\u0131 denet\u00e7ilere sald\u0131rmas\u0131, silahl\u0131 ter\u00f6r gruplar\u0131na destek sunmas\u0131 ve \u00e7at\u0131\u015fmalarda yaralanan ter\u00f6ristleri hastanelerinde tedavi etmesinin \u0130srail\u2019in insan haklar\u0131 ihlalleri ve hukuksuzlukta s\u0131n\u0131r tan\u0131mayaca\u011f\u0131n\u0131n kan\u0131tlar\u0131n\u0131 te\u015fkil etti\u011fini vurgulad\u0131.<\/p>\n<p>F.B. &#8211; M.M.<\/p>\n","protected":false},"excerpt":{"rendered":"<p>\u015eAM \u2013 D\u0131\u015fi\u015fleri ve Gurbet\u00e7iler Bakanl\u0131\u011f\u0131, New York\u2019ta BM ve Cenevre\u2019de \u0130nsan Haklar\u0131 Komisyonu daimi temsilci heyetlerine K\u0131z\u0131lha\u00e7 \u00d6rg\u00fct\u00fc ve ilgili hukuk \u00f6rg\u00fctleri ile koordinasyon kurarak, \u0130srail i\u015fgal g\u00fc\u00e7leri taraf\u0131ndan tutuklanan Suriyeli Esir S\u0131tk\u0131 el Makt\u2019\u0131n durumunu takip etmeleri i\u00e7in y\u00f6nlendirmede bulundu. D\u0131\u015fi\u015fleri ve Gurbet\u00e7iler Bakanl\u0131\u011f\u0131 bug\u00fcn New York ve Cenevre\u2019de bulunan temsilci heyetlerine g\u00f6nderdi\u011fi &hellip;<\/p>\n","protected":false},"author":1,"featured_media":27120,"comment_status":"closed","ping_status":"closed","sticky":false,"template":"","format":"standard","meta":{"footnotes":""},"categories":[479,447,478],"tags":[13055,13054,13053,13052],"class_list":["post-27877","post","type-post","status-publish","format-standard","has-post-thumbnail","","category-haberler-yerel","category-politika","category-yerel","tag-israil-isgal-gucleri-tarafindan-tutuklanan-suriyeli-esir-sitki-el-maktin-durumunu-takip-etmeleri-icin-yonlendirmede-bulundu","tag-new-yorkta-bm-ve-cenevrede-insan-haklari-komisyonu-daimi-temsilci-heyetlerine-kizilhac-orgutu-ve-ilgili-hukuk-orgutleri-ile-koordinasyon-kurarak","tag-sam-disisleri-ve-gurbetciler-bakanligi","tag-teror-gruplarini-desteklemesi-israilin-hukuksuzlukta-sinir-tanimayacaginin-kanitidir"],"_links":{"self":[{"href":"https:\/\/archive.sana.sy\/tr\/index.php?rest_route=\/wp\/v2\/posts\/27877","targetHints":{"allow":["GET"]}}],"collection":[{"href":"https:\/\/archive.sana.sy\/tr\/index.php?rest_route=\/wp\/v2\/posts"}],"about":[{"href":"https:\/\/archive.sana.sy\/tr\/index.php?rest_route=\/wp\/v2\/types\/post"}],"author":[{"embeddable":true,"href":"https:\/\/archive.sana.sy\/tr\/index.php?rest_route=\/wp\/v2\/users\/1"}],"replies":[{"embeddable":true,"href":"https:\/\/archive.sana.sy\/tr\/index.php?rest_route=%2Fwp%2Fv2%2Fcomments&post=27877"}],"version-history":[{"count":0,"href":"https:\/\/archive.sana.sy\/tr\/index.php?rest_route=\/wp\/v2\/posts\/27877\/revisions"}],"wp:featuredmedia":[{"embeddable":true,"href":"https:\/\/archive.sana.sy\/tr\/index.php?rest_route=\/wp\/v2\/media\/27120"}],"wp:attachment":[{"href":"https:\/\/archive.sana.sy\/tr\/index.php?rest_route=%2Fwp%2Fv2%2Fmedia&parent=27877"}],"wp:term":[{"taxonomy":"category","embeddable":true,"href":"https:\/\/archive.sana.sy\/tr\/index.php?rest_route=%2Fwp%2Fv2%2Fcategories&post=27877"},{"taxonomy":"post_tag","embeddable":true,"href":"https:\/\/archive.sana.sy\/tr\/index.php?rest_route=%2Fwp%2Fv2%2Ftags&post=27877"}],"curies":[{"name":"wp","href":"https:\/\/api.w.org\/{rel}","templated":true}]}}