{"id":2788,"date":"2014-06-11T12:29:20","date_gmt":"2014-06-11T09:29:20","guid":{"rendered":"http:\/\/sanasyria.org\/tr\/?p=2788"},"modified":"2014-06-11T12:29:20","modified_gmt":"2014-06-11T09:29:20","slug":"bakanlar-kurulu-halkin-demokrasi-deneyimini-kutladi","status":"publish","type":"post","link":"https:\/\/archive.sana.sy\/tr\/?p=2788","title":{"rendered":"Bakanlar Kurulu Halk\u0131n Demokrasi Deneyimini Kutlad\u0131"},"content":{"rendered":"<p><span>\u015eAM \u2013<\/span> Ba\u015fbakan Vail Halaki Ba\u015fkanl\u0131\u011f\u0131nda d\u00fcn toplanan bakanlar kurulu, b\u00fcy\u00fck bir demokrasi deneyimi te\u015fkil eden cumhurba\u015fkanl\u0131\u011f\u0131 se\u00e7imlerinin ba\u015far\u0131yla sonu\u00e7lanmas\u0131 i\u00e7in g\u00f6sterilen g\u00fc\u00e7l\u00fc iradeyi ve b\u00fct\u00fcn Suriye halk\u0131n\u0131 kutlad\u0131.<\/p>\n<p>Suriyelilerin, k\u00f6kleri derinlere uzanan bir uygarl\u0131\u011fa sahip olduklar\u0131n\u0131 ve kendi demokrasi deneyimlerini in\u015fa edecek g\u00fc\u00e7 ve irade sahip olduklar\u0131n\u0131 b\u00fct\u00fcn d\u00fcnyaya kan\u0131tlad\u0131klar\u0131na dikkat \u00e7eken Ba\u015fbakan Halaki; Suriye halk\u0131n\u0131n se\u00e7imlerde sadece cumhurba\u015fkan\u0131n\u0131n kim olaca\u011f\u0131n\u0131 de\u011fil ayn\u0131 zamanda vatan topraklar\u0131nda direni\u015f \u00e7izgisini ve yeniden in\u015fa s\u00fcrecini desteklediklerini ilan ettiklerini vurgulad\u0131.<\/p>\n<p>Halaki; Cumhurba\u015fkan\u0131 Be\u015f\u015far el Esad\u2019\u0131n onaylad\u0131\u011f\u0131 ve 9.06.2014 tarihinden \u00f6nce i\u015flenmi\u015f su\u00e7larla ilgili geni\u015f kapsaml\u0131 bir genel af i\u00e7eren yasan\u0131n b\u00fct\u00fcn Suriye halk\u0131 i\u00e7in yaralar\u0131m\u0131z\u0131 sararak ulusal uzla\u015fma ve in\u015fa s\u00fcrecine destek verme \u00e7a\u011fr\u0131s\u0131 te\u015fkil etti\u011fini dile getirdi.<\/p>\n<p>B\u00fct\u00fcn illerde yeniden in\u015fa ve ter\u00f6r ma\u011fduru b\u00f6lge-ailelere gerekli yard\u0131m ve hizmetlerin sa\u011flanmas\u0131 \u00e7al\u0131\u015fmalar\u0131na ili\u015fkin ba\u015fl\u0131klar\u0131n geli\u015fme ve \u00f6nerilerin tart\u0131\u015f\u0131ld\u0131\u011f\u0131 ve bu \u00e7er\u00e7evede baz\u0131 kararlar\u0131n onayland\u0131\u011f\u0131 toplant\u0131da; cumhurba\u015fkanl\u0131\u011f\u0131 se\u00e7imlerinde iradesi, vatanseverli\u011fi ve tutumlar\u0131yla b\u00fct\u00fcn d\u00fcnyaya bir demokrasi dersi veren Suriye halk\u0131n\u0131 y\u00fcrekten kutlad\u0131.<\/p>\n","protected":false},"excerpt":{"rendered":"<p>\u015eAM \u2013 Ba\u015fbakan Vail Halaki Ba\u015fkanl\u0131\u011f\u0131nda d\u00fcn toplanan bakanlar kurulu, b\u00fcy\u00fck bir demokrasi deneyimi te\u015fkil eden cumhurba\u015fkanl\u0131\u011f\u0131 se\u00e7imlerinin ba\u015far\u0131yla sonu\u00e7lanmas\u0131 i\u00e7in g\u00f6sterilen g\u00fc\u00e7l\u00fc iradeyi ve b\u00fct\u00fcn Suriye halk\u0131n\u0131 kutlad\u0131. Suriyelilerin, k\u00f6kleri derinlere uzanan bir uygarl\u0131\u011fa sahip olduklar\u0131n\u0131 ve kendi demokrasi deneyimlerini in\u015fa edecek g\u00fc\u00e7 ve irade sahip olduklar\u0131n\u0131 b\u00fct\u00fcn d\u00fcnyaya kan\u0131tlad\u0131klar\u0131na dikkat \u00e7eken Ba\u015fbakan Halaki; &hellip;<\/p>\n","protected":false},"author":1,"featured_media":2789,"comment_status":"closed","ping_status":"closed","sticky":false,"template":"","format":"standard","meta":{"footnotes":""},"categories":[478],"tags":[],"class_list":["post-2788","post","type-post","status-publish","format-standard","has-post-thumbnail","","category-yerel"],"_links":{"self":[{"href":"https:\/\/archive.sana.sy\/tr\/index.php?rest_route=\/wp\/v2\/posts\/2788","targetHints":{"allow":["GET"]}}],"collection":[{"href":"https:\/\/archive.sana.sy\/tr\/index.php?rest_route=\/wp\/v2\/posts"}],"about":[{"href":"https:\/\/archive.sana.sy\/tr\/index.php?rest_route=\/wp\/v2\/types\/post"}],"author":[{"embeddable":true,"href":"https:\/\/archive.sana.sy\/tr\/index.php?rest_route=\/wp\/v2\/users\/1"}],"replies":[{"embeddable":true,"href":"https:\/\/archive.sana.sy\/tr\/index.php?rest_route=%2Fwp%2Fv2%2Fcomments&post=2788"}],"version-history":[{"count":0,"href":"https:\/\/archive.sana.sy\/tr\/index.php?rest_route=\/wp\/v2\/posts\/2788\/revisions"}],"wp:featuredmedia":[{"embeddable":true,"href":"https:\/\/archive.sana.sy\/tr\/index.php?rest_route=\/wp\/v2\/media\/2789"}],"wp:attachment":[{"href":"https:\/\/archive.sana.sy\/tr\/index.php?rest_route=%2Fwp%2Fv2%2Fmedia&parent=2788"}],"wp:term":[{"taxonomy":"category","embeddable":true,"href":"https:\/\/archive.sana.sy\/tr\/index.php?rest_route=%2Fwp%2Fv2%2Fcategories&post=2788"},{"taxonomy":"post_tag","embeddable":true,"href":"https:\/\/archive.sana.sy\/tr\/index.php?rest_route=%2Fwp%2Fv2%2Ftags&post=2788"}],"curies":[{"name":"wp","href":"https:\/\/api.w.org\/{rel}","templated":true}]}}