{"id":278843,"date":"2023-04-16T15:25:29","date_gmt":"2023-04-16T12:25:29","guid":{"rendered":"http:\/\/sana.sy\/tr\/?p=278843"},"modified":"2023-04-18T09:08:54","modified_gmt":"2023-04-18T06:08:54","slug":"cumhurbaskani-esad-dogu-takvimini-takip-eden-hristiyan-topluluklarin-sanli-paskalya-bayramini-kutladi","status":"publish","type":"post","link":"https:\/\/archive.sana.sy\/tr\/?p=278843","title":{"rendered":"Cumhurba\u015fkan\u0131 Esad, Do\u011fu Takvimini Takip Eden Hristiyan Topluluklar\u0131n \u015eanl\u0131 Paskalya Bayram\u0131n\u0131 Kutlad\u0131"},"content":{"rendered":"<p><strong>\u015eAM<\/strong> &#8211; Cumhurba\u015fkan\u0131 Be\u015f\u015far Esad&#8217;\u0131n ad\u0131na Cumhurba\u015fkanl\u0131\u011f\u0131 \u0130\u015fleri Bakan\u0131 Mansur Azzam, do\u011fu takvimini takip eden Hristiyan mezheplerin liderlerini ziyaret ederek, \u00a0kendilerine Cumhurba\u015fkan\u0131 Esad&#8217;\u0131n m\u00fcbarek Paskalya <img loading=\"lazy\" decoding=\"async\" class=\"size-full wp-image-278848 alignright\" src=\"http:\/\/sana.sy\/tr\/wp-content\/uploads\/2023\/04\/DSC00957-300x215-1.jpg\" alt=\"\" width=\"300\" height=\"215\" \/>bayram\u0131 m\u00fcnasebetiyle tebrik ve selamlar\u0131n\u0131 iletti.<\/p>\n<p>Bakan Azzam, Antakya ve T\u00fcm Do\u011fu Rum Ortodoks Patrikhanesi Patrik Vekili Piskopos Romanos El Hannat&#8217;a Cumhurba\u015fkan\u0131 Esad&#8217;\u0131n, kendisine ve aziz mezhep halk\u0131na\u00a0 m\u00fcbarek bayram\u0131 vesiylesiyle tebriklerini iletti.<\/p>\n<p>Patrik Vekili El Hannat, \u015fanl\u0131 Paskalya tatilinde Rum Ortodoks cemaatine tebrik ve kutsamalar\u0131n\u0131 ileten c\u00f6mert jesti i\u00e7in Cumhurba\u015fkan\u0131 Esad&#8217;a derin \u015f\u00fckranlar\u0131n\u0131 ve \u015f\u00fckranlar\u0131n\u0131 dile getirerek,\u00a0 Suriye&#8217;yi, halk\u0131n\u0131, yi\u011fit ordusunu ve lideri Say\u0131n Cumhurba\u015fkan\u0131 Be\u015f\u015far Esad&#8217;\u0131 korumas\u0131 i\u00e7in Allah&#8217;a dua etti.<\/p>\n<p>Bakan Azzam ayr\u0131ca, \u015eam&#8217;daki S\u00fcryani Ortodoks Patrikhanesini de ziyaret ederek \u015eam Patriklik Ba\u015fpiskoposlu\u011fu Patrik Vekili Ba\u015fepiskopos Mar Kyrollos Babi ile bir araya geldi ve kendisine ve muhterem tarikat mensuplar\u0131na Cumhurba\u015fkan\u0131 Esad&#8217;\u0131n \u015fanl\u0131 Paskalya&#8217;s\u0131n\u0131 tebrik ve hay\u0131r dualar\u0131n\u0131 iletti.<\/p>\n<p>Piskopos Babi ise, \u00a0Ba\u015fkan Esad&#8217;\u0131n bu \u015fanl\u0131 bayramda S\u00fcryani Ortodokslara tebrik ve selamlar\u0131n\u0131 ileten c\u00f6mert jesti i\u00e7in te\u015fekk\u00fcrlerini ve derin takdirlerini dile getirirken, y\u00fcce Allah&#8217;tan Suriye&#8217;yi ve halk\u0131n\u0131 korumas\u0131 ve Cumhurba\u015fkan\u0131Esad&#8217;a \u00fclke ve millete hay\u0131rl\u0131 olan\u0131 nasip etmesi \u0130\u00e7in dua etti.<\/p>\n<div id='gallery-1' class='gallery galleryid-278843 gallery-columns-1 gallery-size-full'><figure class='gallery-item'>\n\t\t\t<div class='gallery-icon landscape'>\n\t\t\t\t<a href='https:\/\/archive.sana.sy\/tr\/?attachment_id=278852'><img loading=\"lazy\" decoding=\"async\" width=\"768\" height=\"507\" src=\"https:\/\/archive.sana.sy\/tr\/wp-content\/uploads\/2023\/04\/1-25.jpg\" class=\"attachment-full size-full\" alt=\"\" srcset=\"https:\/\/archive.sana.sy\/tr\/wp-content\/uploads\/2023\/04\/1-25.jpg 768w, https:\/\/archive.sana.sy\/tr\/wp-content\/uploads\/2023\/04\/1-25-300x198.jpg 300w, https:\/\/archive.sana.sy\/tr\/wp-content\/uploads\/2023\/04\/1-25-310x205.jpg 310w\" sizes=\"auto, (max-width: 768px) 100vw, 768px\" \/><\/a>\n\t\t\t<\/div><\/figure><figure class='gallery-item'>\n\t\t\t<div class='gallery-icon landscape'>\n\t\t\t\t<a href='https:\/\/archive.sana.sy\/tr\/?attachment_id=278851'><img loading=\"lazy\" decoding=\"async\" width=\"768\" height=\"547\" src=\"https:\/\/archive.sana.sy\/tr\/wp-content\/uploads\/2023\/04\/2-23.jpg\" class=\"attachment-full size-full\" alt=\"\" srcset=\"https:\/\/archive.sana.sy\/tr\/wp-content\/uploads\/2023\/04\/2-23.jpg 768w, https:\/\/archive.sana.sy\/tr\/wp-content\/uploads\/2023\/04\/2-23-300x214.jpg 300w\" sizes=\"auto, (max-width: 768px) 100vw, 768px\" \/><\/a>\n\t\t\t<\/div><\/figure><figure class='gallery-item'>\n\t\t\t<div class='gallery-icon landscape'>\n\t\t\t\t<a href='https:\/\/archive.sana.sy\/tr\/?attachment_id=278850'><img loading=\"lazy\" decoding=\"async\" width=\"768\" height=\"426\" src=\"https:\/\/archive.sana.sy\/tr\/wp-content\/uploads\/2023\/04\/3-12.jpg\" class=\"attachment-full size-full\" alt=\"\" srcset=\"https:\/\/archive.sana.sy\/tr\/wp-content\/uploads\/2023\/04\/3-12.jpg 768w, https:\/\/archive.sana.sy\/tr\/wp-content\/uploads\/2023\/04\/3-12-300x166.jpg 300w\" sizes=\"auto, (max-width: 768px) 100vw, 768px\" \/><\/a>\n\t\t\t<\/div><\/figure>\n\t\t<\/div>\n\n<p>&nbsp;<\/p>\n<p>R.M.<\/p>\n<p><a href=\"https:\/\/t.me\/SuriyeArapHaberAjansI\">Telegram Kanal\u0131m\u0131z\u00a0<\/a><\/p>\n<p><a href=\"https:\/\/www.facebook.com\/SANAHaberAjansi\/\">Facebook Sayfam\u0131z<\/a><\/p>\n","protected":false},"excerpt":{"rendered":"<p>\u015eAM &#8211; Cumhurba\u015fkan\u0131 Be\u015f\u015far Esad&#8217;\u0131n ad\u0131na Cumhurba\u015fkanl\u0131\u011f\u0131 \u0130\u015fleri Bakan\u0131 Mansur Azzam, do\u011fu takvimini takip eden Hristiyan mezheplerin liderlerini ziyaret ederek, \u00a0kendilerine Cumhurba\u015fkan\u0131 Esad&#8217;\u0131n m\u00fcbarek Paskalya bayram\u0131 m\u00fcnasebetiyle tebrik ve selamlar\u0131n\u0131 iletti. Bakan Azzam, Antakya ve T\u00fcm Do\u011fu Rum Ortodoks Patrikhanesi Patrik Vekili Piskopos Romanos El Hannat&#8217;a Cumhurba\u015fkan\u0131 Esad&#8217;\u0131n, kendisine ve aziz mezhep halk\u0131na\u00a0 m\u00fcbarek bayram\u0131 &hellip;<\/p>\n","protected":false},"author":41,"featured_media":278865,"comment_status":"closed","ping_status":"closed","sticky":false,"template":"","format":"standard","meta":{"footnotes":""},"categories":[606,479,605,17988,478],"tags":[],"class_list":["post-278843","post","type-post","status-publish","format-standard","has-post-thumbnail","","category-cumhurbaskani","category-haberler-yerel","category-sayin-cumhurbaskani","category-son-haberler","category-yerel"],"_links":{"self":[{"href":"https:\/\/archive.sana.sy\/tr\/index.php?rest_route=\/wp\/v2\/posts\/278843","targetHints":{"allow":["GET"]}}],"collection":[{"href":"https:\/\/archive.sana.sy\/tr\/index.php?rest_route=\/wp\/v2\/posts"}],"about":[{"href":"https:\/\/archive.sana.sy\/tr\/index.php?rest_route=\/wp\/v2\/types\/post"}],"author":[{"embeddable":true,"href":"https:\/\/archive.sana.sy\/tr\/index.php?rest_route=\/wp\/v2\/users\/41"}],"replies":[{"embeddable":true,"href":"https:\/\/archive.sana.sy\/tr\/index.php?rest_route=%2Fwp%2Fv2%2Fcomments&post=278843"}],"version-history":[{"count":0,"href":"https:\/\/archive.sana.sy\/tr\/index.php?rest_route=\/wp\/v2\/posts\/278843\/revisions"}],"wp:featuredmedia":[{"embeddable":true,"href":"https:\/\/archive.sana.sy\/tr\/index.php?rest_route=\/wp\/v2\/media\/278865"}],"wp:attachment":[{"href":"https:\/\/archive.sana.sy\/tr\/index.php?rest_route=%2Fwp%2Fv2%2Fmedia&parent=278843"}],"wp:term":[{"taxonomy":"category","embeddable":true,"href":"https:\/\/archive.sana.sy\/tr\/index.php?rest_route=%2Fwp%2Fv2%2Fcategories&post=278843"},{"taxonomy":"post_tag","embeddable":true,"href":"https:\/\/archive.sana.sy\/tr\/index.php?rest_route=%2Fwp%2Fv2%2Ftags&post=278843"}],"curies":[{"name":"wp","href":"https:\/\/api.w.org\/{rel}","templated":true}]}}