{"id":278855,"date":"2023-04-16T15:50:29","date_gmt":"2023-04-16T12:50:29","guid":{"rendered":"http:\/\/sana.sy\/tr\/?p=278855"},"modified":"2023-04-17T10:35:57","modified_gmt":"2023-04-17T07:35:57","slug":"hama-kirsalinda-teroristlerin-duzenledigi-saldirida-yer-mantari-toplayan-26-vatandas-sehit-dustu","status":"publish","type":"post","link":"https:\/\/archive.sana.sy\/tr\/?p=278855","title":{"rendered":"Hama K\u0131rsal\u0131nda Ter\u00f6ristlerin D\u00fczenledi\u011fi Sald\u0131r\u0131da Yer Mantar\u0131 Toplayan 26 Vatanda\u015f \u015eehit D\u00fc\u015ft\u00fc"},"content":{"rendered":"<p><strong>HAMA<\/strong> &#8211; Hama&#8217;n\u0131n do\u011fu k\u0131rsal\u0131nda yer mantar\u0131 toplayan halka ter\u00f6r \u00f6rg\u00fct\u00fcn\u00fcn (I\u015e\u0130D) d\u00fczenledi\u011fi sald\u0131r\u0131da 26 vatanda\u015f \u015fehit d\u00fc\u015ft\u00fc.<\/p>\n<p>Hama Polis Komutanl\u0131\u011f\u0131ndan bir kaynak, SANA muhabirine, I\u015e\u0130D&#8217;li ter\u00f6ristlerin Hama&#8217;n\u0131n do\u011fu k\u0131rsal\u0131na ba\u011fl\u0131 Duveyzin k\u00f6y\u00fc arazisinde yer mantar\u0131 toplayan bir gruba sald\u0131rarak 26 ki\u015fiyi \u00f6ld\u00fcrd\u00fc\u011f\u00fcn\u00fc belirtti.<\/p>\n<p>&nbsp;<\/p>\n<p>R.M.<\/p>\n<p><a href=\"https:\/\/t.me\/SuriyeArapHaberAjansI\">Telegram Kanal\u0131m\u0131z\u00a0<\/a><\/p>\n<p><a href=\"https:\/\/www.facebook.com\/SANAHaberAjansi\/\">Facebook Sayfam\u0131z<\/a><\/p>\n","protected":false},"excerpt":{"rendered":"<p>HAMA &#8211; Hama&#8217;n\u0131n do\u011fu k\u0131rsal\u0131nda yer mantar\u0131 toplayan halka ter\u00f6r \u00f6rg\u00fct\u00fcn\u00fcn (I\u015e\u0130D) d\u00fczenledi\u011fi sald\u0131r\u0131da 26 vatanda\u015f \u015fehit d\u00fc\u015ft\u00fc. Hama Polis Komutanl\u0131\u011f\u0131ndan bir kaynak, SANA muhabirine, I\u015e\u0130D&#8217;li ter\u00f6ristlerin Hama&#8217;n\u0131n do\u011fu k\u0131rsal\u0131na ba\u011fl\u0131 Duveyzin k\u00f6y\u00fc arazisinde yer mantar\u0131 toplayan bir gruba sald\u0131rarak 26 ki\u015fiyi \u00f6ld\u00fcrd\u00fc\u011f\u00fcn\u00fc belirtti. &nbsp; R.M. Telegram Kanal\u0131m\u0131z\u00a0 Facebook Sayfam\u0131z<\/p>\n","protected":false},"author":41,"featured_media":278856,"comment_status":"closed","ping_status":"closed","sticky":false,"template":"","format":"standard","meta":{"footnotes":""},"categories":[479,575,17988,478],"tags":[],"class_list":["post-278855","post","type-post","status-publish","format-standard","has-post-thumbnail","","category-haberler-yerel","category-olaylar-ve-gercekler","category-son-haberler","category-yerel"],"_links":{"self":[{"href":"https:\/\/archive.sana.sy\/tr\/index.php?rest_route=\/wp\/v2\/posts\/278855","targetHints":{"allow":["GET"]}}],"collection":[{"href":"https:\/\/archive.sana.sy\/tr\/index.php?rest_route=\/wp\/v2\/posts"}],"about":[{"href":"https:\/\/archive.sana.sy\/tr\/index.php?rest_route=\/wp\/v2\/types\/post"}],"author":[{"embeddable":true,"href":"https:\/\/archive.sana.sy\/tr\/index.php?rest_route=\/wp\/v2\/users\/41"}],"replies":[{"embeddable":true,"href":"https:\/\/archive.sana.sy\/tr\/index.php?rest_route=%2Fwp%2Fv2%2Fcomments&post=278855"}],"version-history":[{"count":0,"href":"https:\/\/archive.sana.sy\/tr\/index.php?rest_route=\/wp\/v2\/posts\/278855\/revisions"}],"wp:featuredmedia":[{"embeddable":true,"href":"https:\/\/archive.sana.sy\/tr\/index.php?rest_route=\/wp\/v2\/media\/278856"}],"wp:attachment":[{"href":"https:\/\/archive.sana.sy\/tr\/index.php?rest_route=%2Fwp%2Fv2%2Fmedia&parent=278855"}],"wp:term":[{"taxonomy":"category","embeddable":true,"href":"https:\/\/archive.sana.sy\/tr\/index.php?rest_route=%2Fwp%2Fv2%2Fcategories&post=278855"},{"taxonomy":"post_tag","embeddable":true,"href":"https:\/\/archive.sana.sy\/tr\/index.php?rest_route=%2Fwp%2Fv2%2Ftags&post=278855"}],"curies":[{"name":"wp","href":"https:\/\/api.w.org\/{rel}","templated":true}]}}