{"id":278859,"date":"2023-04-16T16:15:21","date_gmt":"2023-04-16T13:15:21","guid":{"rendered":"http:\/\/sana.sy\/tr\/?p=278859"},"modified":"2023-04-20T09:14:30","modified_gmt":"2023-04-20T06:14:30","slug":"golandaki-halkimiz-isgal-ne-kadar-surerse-sursun-golan-anavatana-donecektir","status":"publish","type":"post","link":"https:\/\/archive.sana.sy\/tr\/?p=278859","title":{"rendered":"Golan&#8217;daki Halk\u0131m\u0131z: \u0130\u015fgal Ne Kadar S\u00fcrerse S\u00fcrs\u00fcn Golan Anavatana D\u00f6necektir"},"content":{"rendered":"<p><strong>\u0130\u015eGAL ED\u0130LEN GOLAN <\/strong>&#8211; \u0130\u015fgal edilen Suriye Golan&#8217;daki halk\u0131m\u0131z, \u0130srail i\u015fgalini ve onun onlar\u0131 anavatanlar\u0131ndan ay\u0131rmay\u0131 ama\u00e7layan t\u00fcm yay\u0131lmac\u0131 s\u00f6m\u00fcrgeci planlar\u0131n\u0131 reddetti\u011fini yineleyerek, Golan&#8217;\u0131n Arap ve Suriyeli oldu\u011funu ve \u00f6yle kalaca\u011f\u0131n\u0131 ve i\u015fgal ne kadar s\u00fcrerse s\u00fcrs\u00fcn anavatan\u0131n ba\u011fr\u0131na d\u00f6nece\u011fini vurgulad\u0131lar.<\/p>\n<p>Golan halk\u0131 bug\u00fcn, Kurtulu\u015f G\u00fcn\u00fc&#8217;n\u00fcn 77. y\u0131ld\u00f6n\u00fcm\u00fcnde SANA&#8217;ya bir n\u00fcshas\u0131n\u0131n teslim al\u0131nd\u0131\u011f\u0131 bir a\u00e7\u0131klamada, \u2018\u2019Biz, i\u015fgal edilen Suriye Arap Golan&#8217;da ve b\u00fcy\u00fck kurtulu\u015f g\u00fcn\u00fcn\u00fcn 77. y\u0131ld\u00f6n\u00fcm\u00fcnde, Suriye Arap halk\u0131m\u0131z\u0131n yabanc\u0131 s\u00f6m\u00fcrgecilere kar\u015f\u0131 verdi\u011fi m\u00fccadeleleri ve kahramanl\u0131klar\u0131 selaml\u0131yoruz. Kahramanlar \u0130brahim Hanano, \u00a0Salih El Ali, Yusuf El Azma ve Suriye ulusal kurtulu\u015f m\u00fccadelesinin di\u011fer bir\u00e7ok sava\u015f\u00e7\u0131s\u0131 ve lideri ba\u015f\u0131nda olmak \u00fczere, kahraman m\u00fccahit Sultan Pa\u015fa El Atra\u015f liderli\u011findeki 1925&#8217;te Frans\u0131z s\u00f6m\u00fcrgecilerine kar\u015f\u0131 B\u00fcy\u00fck Suriye Devrimi&#8217;nin kahramanlar\u0131 ve m\u00fccahitleri \u00f6n\u00fcnde ba\u015f\u0131m\u0131z\u0131 e\u011fiyoruz.\u2019\u2019 dedi.<\/p>\n<p>Halk\u0131m\u0131z yapt\u0131\u011f\u0131 a\u00e7\u0131klamada ayr\u0131ca, \u2018\u2019Bu kahramanl\u0131klar\u0131n, m\u00fccadelelerin ve zaferlerin kokan onurlu tarihin kokusuyla, \u0130srail&#8217;in i\u015fgal alt\u0131ndaki Suriye Arap Golan&#8217;\u0131 i\u015fgalini ve onun bizi anavatan\u0131m\u0131z olan Suriye&#8217;den ay\u0131rmaya y\u00f6nelik t\u00fcm yay\u0131lmac\u0131 planlar\u0131n\u0131 reddetti\u011fimizi yineliyoruz.\u2019\u2019 ifadelerini kullanarak, ayn\u0131 zamanda kurtulu\u015f kahramanlar\u0131n\u0131n irade ve kararl\u0131l\u0131\u011f\u0131yla, Golan&#8217;\u0131n Arap ve Suriyeli oldu\u011funu ve kalaca\u011f\u0131n\u0131, karanl\u0131k gece ve zalimler ne kadar uzun olursa olsun vatan\u0131n ba\u011fr\u0131na d\u00f6nece\u011fini ve Frans\u0131z s\u00f6m\u00fcrgeciyi kovan \u00f6zg\u00fcr Suriye Arap iradesi, \u0130srailli i\u015fgalciyi Golan topraklar\u0131ndan kovacak olan ayn\u0131 \u00f6zg\u00fcr Suriye ulusal iradesi oldu\u011funu vurgulad\u0131lar.<\/p>\n<p>Golan halk\u0131m\u0131z ayr\u0131ca, vatan\u0131n lideri Say\u0131n Cumhurba\u015fkan\u0131 Be\u015f\u015far Esad&#8217;a, Filistin halk\u0131na ve milli m\u00fccadelesine ve t\u00fcm bile\u015fenleriyle direni\u015f eksenine selamlar\u0131n\u0131 iletti.<\/p>\n<p>&nbsp;<\/p>\n<p>R.M.<\/p>\n<p><a href=\"https:\/\/t.me\/SuriyeArapHaberAjansI\">Telegram Kanal\u0131m\u0131z\u00a0<\/a><\/p>\n<p><a href=\"https:\/\/www.facebook.com\/SANAHaberAjansi\/\">Facebook Sayfam\u0131z<\/a><\/p>\n","protected":false},"excerpt":{"rendered":"<p>\u0130\u015eGAL ED\u0130LEN GOLAN &#8211; \u0130\u015fgal edilen Suriye Golan&#8217;daki halk\u0131m\u0131z, \u0130srail i\u015fgalini ve onun onlar\u0131 anavatanlar\u0131ndan ay\u0131rmay\u0131 ama\u00e7layan t\u00fcm yay\u0131lmac\u0131 s\u00f6m\u00fcrgeci planlar\u0131n\u0131 reddetti\u011fini yineleyerek, Golan&#8217;\u0131n Arap ve Suriyeli oldu\u011funu ve \u00f6yle kalaca\u011f\u0131n\u0131 ve i\u015fgal ne kadar s\u00fcrerse s\u00fcrs\u00fcn anavatan\u0131n ba\u011fr\u0131na d\u00f6nece\u011fini vurgulad\u0131lar. Golan halk\u0131 bug\u00fcn, Kurtulu\u015f G\u00fcn\u00fc&#8217;n\u00fcn 77. y\u0131ld\u00f6n\u00fcm\u00fcnde SANA&#8217;ya bir n\u00fcshas\u0131n\u0131n teslim al\u0131nd\u0131\u011f\u0131 bir a\u00e7\u0131klamada, &hellip;<\/p>\n","protected":false},"author":41,"featured_media":278860,"comment_status":"closed","ping_status":"closed","sticky":false,"template":"","format":"standard","meta":{"footnotes":""},"categories":[479,17988,478],"tags":[],"class_list":["post-278859","post","type-post","status-publish","format-standard","has-post-thumbnail","","category-haberler-yerel","category-son-haberler","category-yerel"],"_links":{"self":[{"href":"https:\/\/archive.sana.sy\/tr\/index.php?rest_route=\/wp\/v2\/posts\/278859","targetHints":{"allow":["GET"]}}],"collection":[{"href":"https:\/\/archive.sana.sy\/tr\/index.php?rest_route=\/wp\/v2\/posts"}],"about":[{"href":"https:\/\/archive.sana.sy\/tr\/index.php?rest_route=\/wp\/v2\/types\/post"}],"author":[{"embeddable":true,"href":"https:\/\/archive.sana.sy\/tr\/index.php?rest_route=\/wp\/v2\/users\/41"}],"replies":[{"embeddable":true,"href":"https:\/\/archive.sana.sy\/tr\/index.php?rest_route=%2Fwp%2Fv2%2Fcomments&post=278859"}],"version-history":[{"count":0,"href":"https:\/\/archive.sana.sy\/tr\/index.php?rest_route=\/wp\/v2\/posts\/278859\/revisions"}],"wp:featuredmedia":[{"embeddable":true,"href":"https:\/\/archive.sana.sy\/tr\/index.php?rest_route=\/wp\/v2\/media\/278860"}],"wp:attachment":[{"href":"https:\/\/archive.sana.sy\/tr\/index.php?rest_route=%2Fwp%2Fv2%2Fmedia&parent=278859"}],"wp:term":[{"taxonomy":"category","embeddable":true,"href":"https:\/\/archive.sana.sy\/tr\/index.php?rest_route=%2Fwp%2Fv2%2Fcategories&post=278859"},{"taxonomy":"post_tag","embeddable":true,"href":"https:\/\/archive.sana.sy\/tr\/index.php?rest_route=%2Fwp%2Fv2%2Ftags&post=278859"}],"curies":[{"name":"wp","href":"https:\/\/api.w.org\/{rel}","templated":true}]}}