{"id":27894,"date":"2015-03-29T12:55:20","date_gmt":"2015-03-29T09:55:20","guid":{"rendered":"http:\/\/www.sana.sy\/tr\/?p=27894"},"modified":"2015-03-29T12:57:57","modified_gmt":"2015-03-29T09:57:57","slug":"dib-kadinin-yetkilestirilmesi-ayaklarini-hedef-alan-teror-fenomeniyle-mucadele-sart","status":"publish","type":"post","link":"https:\/\/archive.sana.sy\/tr\/?p=27894","title":{"rendered":"Dib: Kad\u0131n\u0131n Yetkile\u015ftirilmesi Ayaklar\u0131n\u0131 Hedef Alan Ter\u00f6r Fenomeniyle M\u00fccadele \u015eart"},"content":{"rendered":"<p>HANO\u0130 \u2013 Halk Meclisinde Arap ve D\u0131\u015f \u0130li\u015fkiler Komitesi Ba\u015fkan\u0131 Fadya Dib, d\u00fcnyadaki kad\u0131n parlamenterleri, d\u00fcnya d\u00fczeyinde kad\u0131n\u0131 hedef alan y\u00f6nelimlerle Suriye ve Irakl\u0131 kad\u0131n\u0131n ter\u00f6r fenomeninden \u00e7ekti\u011fi ac\u0131lar\u0131n\u0131 hafifletme ve silahl\u0131 ter\u00f6rist \u00f6rg\u00fctler taraf\u0131ndan her g\u00fcn maruz kald\u0131\u011f\u0131 felaketlere s\u0131n\u0131r koyulmas\u0131 \u00e7a\u011fr\u0131s\u0131 yapt\u0131.<\/p>\n<p>Uluslararas\u0131 Parlamenterler Federasyonu Genel Kurulunun 132. D\u00f6nem \u00e7al\u0131\u015fmalar\u0131 yan toplant\u0131lar\u0131nda kad\u0131n parlamenterlerin 21. toplant\u0131s\u0131na kat\u0131lmas\u0131 esnas\u0131nda yapt\u0131\u011f\u0131 konu\u015fmada, \u00e7al\u0131\u015fma alanlar\u0131n\u0131n b\u00fcy\u00fck \u00e7o\u011funlu\u011funda b\u00fcy\u00fck ba\u015far\u0131lara imza atan, erkeklerle yan yana on y\u0131llardan beri siyasi, ekonomi ve sosyal g\u00f6revlerde \u00e7al\u0131\u015fan Suriyeli kad\u0131n\u0131n bug\u00fcn, Arap, b\u00f6lgesel ve bat\u0131l\u0131 \u00fclkeler taraf\u0131ndan destekli silahl\u0131 ter\u00f6r gruplar\u0131 taraf\u0131ndan insanl\u0131\u011f\u0131n y\u00fcz karas\u0131 su\u00e7lara ve ihlallere maruz kald\u0131\u011f\u0131na i\u015faret etti.<\/p>\n<p>Dib, Suriye\u2019de kad\u0131n\u0131n yetkilendirilmesinin on y\u0131llardan beri sabit ve te\u015fvik edici bir \u015fekilde y\u00fcr\u00fcd\u00fc\u011f\u00fcn\u00fc ancak Suriye\u2019nin d\u00f6rt y\u0131ldan beri maruz kald\u0131\u011f\u0131 ter\u00f6r sava\u015f\u0131n\u0131n \u00f6zellikle tekfiri ter\u00f6r \u00f6rg\u00fctlerinin ellerinde bulundurdu\u011fu b\u00f6lgelerde olmak \u00fczere kad\u0131n hayat\u0131na olumsuz yans\u0131d\u0131\u011f\u0131n\u0131 \u00f6yle ki, k\u0131zlar\u0131n tecav\u00fcz ve cihat nikah\u0131 ad\u0131 alt\u0131nda esarete maruz kalmaktan ba\u015fka e\u011fitim ve \u00e7al\u0131\u015fmaktan men edildi\u011fine dikkat \u00e7ekti.<\/p>\n<p>Dib, \u00f6zellikle sava\u015f esnas\u0131nda ve erkelerle yan yana rol\u00fcn\u00fc uygulama hakk\u0131n\u0131 inkar eden baz\u0131 \u00fclkelerde kad\u0131na y\u00f6nelik orta \u00e7a\u011fda bile g\u00f6r\u00fclmemi\u015f k\u0131s\u0131tlamalar\u0131n getirilmesi genel olarak da kad\u0131n\u0131n maruz kald\u0131\u011f\u0131 ihlallere \u0131\u015f\u0131k tutulmas\u0131 gere\u011fini belirtti.<\/p>\n<p>Dib, kad\u0131n parlamenterleri T\u00fcrkiye ve \u00dcrd\u00fcn m\u00fclteci kamplar\u0131nda maruz kald\u0131\u011f\u0131 ihlallerin a\u00e7\u0131\u011fa \u00e7\u0131kar\u0131lmas\u0131na \u00e7a\u011fr\u0131 yapt\u0131.<\/p>\n<p>Dib, Suriye kad\u0131n\u0131n\u0131n bug\u00fcn \u00fclkesi onuru ve onu savunmada en y\u00fcce fedakarl\u0131k \u00f6rne\u011fini sundu\u011funu, ter\u00f6ristlerin i\u015fledi\u011fi su\u00e7lar\u0131n hayat ve vatan\u0131n yeniden in\u015fa edilmesindeki rol\u00fcn\u00fc yerine getirmesinden korkutmayaca\u011f\u0131n\u0131 ve engellemeyece\u011fini vurgulad\u0131.<\/p>\n<p>S.\u015e. &#8211; R.H.<\/p>\n","protected":false},"excerpt":{"rendered":"<p>HANO\u0130 \u2013 Halk Meclisinde Arap ve D\u0131\u015f \u0130li\u015fkiler Komitesi Ba\u015fkan\u0131 Fadya Dib, d\u00fcnyadaki kad\u0131n parlamenterleri, d\u00fcnya d\u00fczeyinde kad\u0131n\u0131 hedef alan y\u00f6nelimlerle Suriye ve Irakl\u0131 kad\u0131n\u0131n ter\u00f6r fenomeninden \u00e7ekti\u011fi ac\u0131lar\u0131n\u0131 hafifletme ve silahl\u0131 ter\u00f6rist \u00f6rg\u00fctler taraf\u0131ndan her g\u00fcn maruz kald\u0131\u011f\u0131 felaketlere s\u0131n\u0131r koyulmas\u0131 \u00e7a\u011fr\u0131s\u0131 yapt\u0131. Uluslararas\u0131 Parlamenterler Federasyonu Genel Kurulunun 132. D\u00f6nem \u00e7al\u0131\u015fmalar\u0131 yan toplant\u0131lar\u0131nda kad\u0131n &hellip;<\/p>\n","protected":false},"author":1,"featured_media":27904,"comment_status":"closed","ping_status":"closed","sticky":false,"template":"","format":"standard","meta":{"footnotes":""},"categories":[458,459,447],"tags":[13067],"class_list":["post-27894","post","type-post","status-publish","format-standard","has-post-thumbnail","","category-dunya1","category-haberler-arap-uluslararasi-politika","category-politika","tag-dib-kadinin-yetkilestirilmesi-ayaklarini-hedef-alan-teror-fenomeniyle-mucadele-sart-hanoi-halk-meclisinde-arap-ve-dis-iliskiler-komitesi-baskani-fadya-dib"],"_links":{"self":[{"href":"https:\/\/archive.sana.sy\/tr\/index.php?rest_route=\/wp\/v2\/posts\/27894","targetHints":{"allow":["GET"]}}],"collection":[{"href":"https:\/\/archive.sana.sy\/tr\/index.php?rest_route=\/wp\/v2\/posts"}],"about":[{"href":"https:\/\/archive.sana.sy\/tr\/index.php?rest_route=\/wp\/v2\/types\/post"}],"author":[{"embeddable":true,"href":"https:\/\/archive.sana.sy\/tr\/index.php?rest_route=\/wp\/v2\/users\/1"}],"replies":[{"embeddable":true,"href":"https:\/\/archive.sana.sy\/tr\/index.php?rest_route=%2Fwp%2Fv2%2Fcomments&post=27894"}],"version-history":[{"count":0,"href":"https:\/\/archive.sana.sy\/tr\/index.php?rest_route=\/wp\/v2\/posts\/27894\/revisions"}],"wp:featuredmedia":[{"embeddable":true,"href":"https:\/\/archive.sana.sy\/tr\/index.php?rest_route=\/wp\/v2\/media\/27904"}],"wp:attachment":[{"href":"https:\/\/archive.sana.sy\/tr\/index.php?rest_route=%2Fwp%2Fv2%2Fmedia&parent=27894"}],"wp:term":[{"taxonomy":"category","embeddable":true,"href":"https:\/\/archive.sana.sy\/tr\/index.php?rest_route=%2Fwp%2Fv2%2Fcategories&post=27894"},{"taxonomy":"post_tag","embeddable":true,"href":"https:\/\/archive.sana.sy\/tr\/index.php?rest_route=%2Fwp%2Fv2%2Ftags&post=27894"}],"curies":[{"name":"wp","href":"https:\/\/api.w.org\/{rel}","templated":true}]}}