{"id":278956,"date":"2023-04-18T13:17:52","date_gmt":"2023-04-18T10:17:52","guid":{"rendered":"https:\/\/sana.sy\/tr\/?p=278956"},"modified":"2023-04-19T09:45:11","modified_gmt":"2023-04-19T06:45:11","slug":"rusya-acil-durumu-suriyedeki-depremzedelere-yeni-yardim-ucagi-gonderdi","status":"publish","type":"post","link":"https:\/\/archive.sana.sy\/tr\/?p=278956","title":{"rendered":"Rusya Acil Durumu: Suriye&#8217;deki Depremzedelere Yeni Yard\u0131m U\u00e7a\u011f\u0131 G\u00f6nderdi"},"content":{"rendered":"<p><strong>MOSKOVA<\/strong> \u2013 Rusya Acil Durumlar Bakanl\u0131\u011f\u0131, Suriye&#8217;de depremden etkilenen insanlara 14,6 ton insani yard\u0131m ta\u015f\u0131yan be\u015finci bir u\u00e7a\u011f\u0131n sevk edildi\u011fini ilan etti.<\/p>\n<p>Moskova&#8217;daki Suriye b\u00fcy\u00fckel\u00e7ili\u011fi yapt\u0131\u011f\u0131 a\u00e7\u0131klamada: \u201cBu sevkiyat Suriye toplumu ve dost Rus halk\u0131 taraf\u0131ndan sa\u011fland\u0131\u201d dedi.<\/p>\n<p><a href=\"https:\/\/t.me\/SuriyeArapHaberAjansI\">Telegram Kanal\u0131m\u0131z\u00a0<\/a><\/p>\n<p><a href=\"https:\/\/www.facebook.com\/SANAHaberAjansi\/\">Facebook Sayfam\u0131z<\/a><\/p>\n","protected":false},"excerpt":{"rendered":"<p>MOSKOVA \u2013 Rusya Acil Durumlar Bakanl\u0131\u011f\u0131, Suriye&#8217;de depremden etkilenen insanlara 14,6 ton insani yard\u0131m ta\u015f\u0131yan be\u015finci bir u\u00e7a\u011f\u0131n sevk edildi\u011fini ilan etti. Moskova&#8217;daki Suriye b\u00fcy\u00fckel\u00e7ili\u011fi yapt\u0131\u011f\u0131 a\u00e7\u0131klamada: \u201cBu sevkiyat Suriye toplumu ve dost Rus halk\u0131 taraf\u0131ndan sa\u011fland\u0131\u201d dedi. Telegram Kanal\u0131m\u0131z\u00a0 Facebook Sayfam\u0131z<\/p>\n","protected":false},"author":39,"featured_media":278957,"comment_status":"closed","ping_status":"closed","sticky":false,"template":"","format":"standard","meta":{"footnotes":""},"categories":[458,459,17988],"tags":[],"class_list":["post-278956","post","type-post","status-publish","format-standard","has-post-thumbnail","","category-dunya1","category-haberler-arap-uluslararasi-politika","category-son-haberler"],"_links":{"self":[{"href":"https:\/\/archive.sana.sy\/tr\/index.php?rest_route=\/wp\/v2\/posts\/278956","targetHints":{"allow":["GET"]}}],"collection":[{"href":"https:\/\/archive.sana.sy\/tr\/index.php?rest_route=\/wp\/v2\/posts"}],"about":[{"href":"https:\/\/archive.sana.sy\/tr\/index.php?rest_route=\/wp\/v2\/types\/post"}],"author":[{"embeddable":true,"href":"https:\/\/archive.sana.sy\/tr\/index.php?rest_route=\/wp\/v2\/users\/39"}],"replies":[{"embeddable":true,"href":"https:\/\/archive.sana.sy\/tr\/index.php?rest_route=%2Fwp%2Fv2%2Fcomments&post=278956"}],"version-history":[{"count":0,"href":"https:\/\/archive.sana.sy\/tr\/index.php?rest_route=\/wp\/v2\/posts\/278956\/revisions"}],"wp:featuredmedia":[{"embeddable":true,"href":"https:\/\/archive.sana.sy\/tr\/index.php?rest_route=\/wp\/v2\/media\/278957"}],"wp:attachment":[{"href":"https:\/\/archive.sana.sy\/tr\/index.php?rest_route=%2Fwp%2Fv2%2Fmedia&parent=278956"}],"wp:term":[{"taxonomy":"category","embeddable":true,"href":"https:\/\/archive.sana.sy\/tr\/index.php?rest_route=%2Fwp%2Fv2%2Fcategories&post=278956"},{"taxonomy":"post_tag","embeddable":true,"href":"https:\/\/archive.sana.sy\/tr\/index.php?rest_route=%2Fwp%2Fv2%2Ftags&post=278956"}],"curies":[{"name":"wp","href":"https:\/\/api.w.org\/{rel}","templated":true}]}}