{"id":278962,"date":"2023-04-18T14:13:54","date_gmt":"2023-04-18T11:13:54","guid":{"rendered":"http:\/\/sana.sy\/tr\/?p=278962"},"modified":"2023-04-19T09:45:19","modified_gmt":"2023-04-19T06:45:19","slug":"shoigu-rusya-ve-cin-arasindaki-isbirligi-kuresel-durumu-istikrara-kavusturmaya-yardimci-oluyor","status":"publish","type":"post","link":"https:\/\/archive.sana.sy\/tr\/?p=278962","title":{"rendered":"Shoigu: Rusya Ve \u00c7in Aras\u0131ndaki \u0130\u015fbirli\u011fi K\u00fcresel Durumu \u0130stikrara Kavu\u015fturmaya Yard\u0131mc\u0131 Oluyor"},"content":{"rendered":"<p><strong>MOSKOVA<\/strong>&#8211; Rusya Savunma Bakan\u0131 Sergei Shoigu, Rusya ve \u00c7in aras\u0131ndaki i\u015fbirli\u011finin k\u00fcresel durumu istikrara kavu\u015fturmaya ve gerilimi azaltmaya yard\u0131mc\u0131 oldu\u011funu vurgulad\u0131.<\/p>\n<p>Sputnik&#8217;in aktard\u0131\u011f\u0131na g\u00f6re Shoigu bug\u00fcn \u00c7inli mevkida\u015f\u0131 Li Shangfu ile Moskova&#8217;da yapt\u0131\u011f\u0131 g\u00f6r\u00fc\u015fmede, \u2018\u2019Uluslararas\u0131 arenadaki \u00e7abalar\u0131m\u0131z\u0131n koordinasyonu, d\u00fcnyadaki durumu istikrara kavu\u015fturmada bir etkiye sahiptir ve \u00e7at\u0131\u015fma olas\u0131l\u0131klar\u0131n\u0131 azaltmaya yard\u0131mc\u0131 olur. K\u00fcresel jeopolitik manzarada s\u00fcregelen de\u011fi\u015fimin temelinde ve e\u015fit olarak \u00fclkelerimize de\u011fer vermemiz \u00f6nemlidir\u2019\u2019 dedi.<\/p>\n<p>\u015eoygu ayr\u0131ca, \u2018\u2019Rusya ve \u00c7in, \u015eangay \u0130\u015fbirli\u011fi \u00d6rg\u00fct\u00fc \u00e7er\u00e7evesinde ikili ve \u00e7ok tarafl\u0131 formatlarda ortak deniz ve hava devriyeleri ve askeri tatbikatlar i\u00e7in haz\u0131rl\u0131k tedbirlerini koordine ediyorlar.\u2019\u2019 ifadelerini kulland\u0131.<\/p>\n<p>Bug\u00fcnk\u00fc toplant\u0131n\u0131n savunma alan\u0131nda Rusya-\u00c7in stratejik ortakl\u0131\u011f\u0131n\u0131 daha da g\u00fc\u00e7lendirmeye \u00e7al\u0131\u015faca\u011f\u0131na ve k\u00fcresel ve b\u00f6lgesel g\u00fcvenlikle ilgili g\u00fcncel konular\u0131n samimi bir \u015fekilde g\u00f6r\u00fc\u015f\u00fclmesine olanak sa\u011flayaca\u011f\u0131na i\u015faret eden \u00a0\u015eoygu, daha \u00f6nce Rusya Devlet Ba\u015fkan\u0131 Vladimir Putin ve \u00c7in Devlet Ba\u015fkan\u0131 Xi Jinping&#8217;in kapsaml\u0131 Rus-\u00c7in ortakl\u0131\u011f\u0131 ve en \u00fcst d\u00fczeyde stratejik i\u015fbirli\u011finin geli\u015ftirilmesi gerekti\u011fi y\u00f6n\u00fcndeki beyanlar\u0131na dikkat \u00e7ekti.<\/p>\n<p>&nbsp;<\/p>\n<p>R.M.<\/p>\n<p><a href=\"https:\/\/t.me\/SuriyeArapHaberAjansI\">Telegram Kanal\u0131m\u0131z\u00a0<\/a><\/p>\n<p><a href=\"https:\/\/www.facebook.com\/SANAHaberAjansi\/\">Facebook Sayfam\u0131z<\/a><\/p>\n","protected":false},"excerpt":{"rendered":"<p>MOSKOVA&#8211; Rusya Savunma Bakan\u0131 Sergei Shoigu, Rusya ve \u00c7in aras\u0131ndaki i\u015fbirli\u011finin k\u00fcresel durumu istikrara kavu\u015fturmaya ve gerilimi azaltmaya yard\u0131mc\u0131 oldu\u011funu vurgulad\u0131. Sputnik&#8217;in aktard\u0131\u011f\u0131na g\u00f6re Shoigu bug\u00fcn \u00c7inli mevkida\u015f\u0131 Li Shangfu ile Moskova&#8217;da yapt\u0131\u011f\u0131 g\u00f6r\u00fc\u015fmede, \u2018\u2019Uluslararas\u0131 arenadaki \u00e7abalar\u0131m\u0131z\u0131n koordinasyonu, d\u00fcnyadaki durumu istikrara kavu\u015fturmada bir etkiye sahiptir ve \u00e7at\u0131\u015fma olas\u0131l\u0131klar\u0131n\u0131 azaltmaya yard\u0131mc\u0131 olur. K\u00fcresel jeopolitik manzarada s\u00fcregelen &hellip;<\/p>\n","protected":false},"author":41,"featured_media":278963,"comment_status":"closed","ping_status":"closed","sticky":false,"template":"","format":"standard","meta":{"footnotes":""},"categories":[458,459,17988],"tags":[],"class_list":["post-278962","post","type-post","status-publish","format-standard","has-post-thumbnail","","category-dunya1","category-haberler-arap-uluslararasi-politika","category-son-haberler"],"_links":{"self":[{"href":"https:\/\/archive.sana.sy\/tr\/index.php?rest_route=\/wp\/v2\/posts\/278962","targetHints":{"allow":["GET"]}}],"collection":[{"href":"https:\/\/archive.sana.sy\/tr\/index.php?rest_route=\/wp\/v2\/posts"}],"about":[{"href":"https:\/\/archive.sana.sy\/tr\/index.php?rest_route=\/wp\/v2\/types\/post"}],"author":[{"embeddable":true,"href":"https:\/\/archive.sana.sy\/tr\/index.php?rest_route=\/wp\/v2\/users\/41"}],"replies":[{"embeddable":true,"href":"https:\/\/archive.sana.sy\/tr\/index.php?rest_route=%2Fwp%2Fv2%2Fcomments&post=278962"}],"version-history":[{"count":0,"href":"https:\/\/archive.sana.sy\/tr\/index.php?rest_route=\/wp\/v2\/posts\/278962\/revisions"}],"wp:featuredmedia":[{"embeddable":true,"href":"https:\/\/archive.sana.sy\/tr\/index.php?rest_route=\/wp\/v2\/media\/278963"}],"wp:attachment":[{"href":"https:\/\/archive.sana.sy\/tr\/index.php?rest_route=%2Fwp%2Fv2%2Fmedia&parent=278962"}],"wp:term":[{"taxonomy":"category","embeddable":true,"href":"https:\/\/archive.sana.sy\/tr\/index.php?rest_route=%2Fwp%2Fv2%2Fcategories&post=278962"},{"taxonomy":"post_tag","embeddable":true,"href":"https:\/\/archive.sana.sy\/tr\/index.php?rest_route=%2Fwp%2Fv2%2Ftags&post=278962"}],"curies":[{"name":"wp","href":"https:\/\/api.w.org\/{rel}","templated":true}]}}