{"id":278973,"date":"2023-04-18T17:40:38","date_gmt":"2023-04-18T14:40:38","guid":{"rendered":"http:\/\/sana.sy\/tr\/?p=278973"},"modified":"2023-04-18T18:03:43","modified_gmt":"2023-04-18T15:03:43","slug":"tunus-cumhurbaskani-kayissaid-disisleri-ve-gurbeciler-bakani-faysal-mikdad-ile-gorusmesinde-tunus-tunus-ile-suriye-arasindaki-normal-kardeslik-ve-isbirligi-iliskilerini-surdurmek-istiyor","status":"publish","type":"post","link":"https:\/\/archive.sana.sy\/tr\/?p=278973","title":{"rendered":"Tunus Cumhurba\u015fkan\u0131 KayisSaid, D\u0131\u015fi\u015fleri ve Gurbe\u00e7iler Bakan\u0131 Faysal Mikdad ile g\u00f6r\u00fc\u015fmesinde: Tunus, Tunus ile Suriye aras\u0131ndaki normal karde\u015flik ve i\u015fbirli\u011fi ili\u015fkilerini s\u00fcrd\u00fcrmek istiyor"},"content":{"rendered":"","protected":false},"excerpt":{"rendered":"","protected":false},"author":41,"featured_media":0,"comment_status":"closed","ping_status":"closed","sticky":false,"template":"","format":"standard","meta":{"footnotes":""},"categories":[1],"tags":[],"class_list":["post-278973","post","type-post","status-publish","format-standard","","category-news-not-sorted"],"_links":{"self":[{"href":"https:\/\/archive.sana.sy\/tr\/index.php?rest_route=\/wp\/v2\/posts\/278973","targetHints":{"allow":["GET"]}}],"collection":[{"href":"https:\/\/archive.sana.sy\/tr\/index.php?rest_route=\/wp\/v2\/posts"}],"about":[{"href":"https:\/\/archive.sana.sy\/tr\/index.php?rest_route=\/wp\/v2\/types\/post"}],"author":[{"embeddable":true,"href":"https:\/\/archive.sana.sy\/tr\/index.php?rest_route=\/wp\/v2\/users\/41"}],"replies":[{"embeddable":true,"href":"https:\/\/archive.sana.sy\/tr\/index.php?rest_route=%2Fwp%2Fv2%2Fcomments&post=278973"}],"version-history":[{"count":0,"href":"https:\/\/archive.sana.sy\/tr\/index.php?rest_route=\/wp\/v2\/posts\/278973\/revisions"}],"wp:attachment":[{"href":"https:\/\/archive.sana.sy\/tr\/index.php?rest_route=%2Fwp%2Fv2%2Fmedia&parent=278973"}],"wp:term":[{"taxonomy":"category","embeddable":true,"href":"https:\/\/archive.sana.sy\/tr\/index.php?rest_route=%2Fwp%2Fv2%2Fcategories&post=278973"},{"taxonomy":"post_tag","embeddable":true,"href":"https:\/\/archive.sana.sy\/tr\/index.php?rest_route=%2Fwp%2Fv2%2Ftags&post=278973"}],"curies":[{"name":"wp","href":"https:\/\/api.w.org\/{rel}","templated":true}]}}