{"id":278987,"date":"2023-04-18T15:00:06","date_gmt":"2023-04-18T12:00:06","guid":{"rendered":"http:\/\/sana.sy\/tr\/?p=278987"},"modified":"2023-04-20T12:29:36","modified_gmt":"2023-04-20T09:29:36","slug":"tunus-cumhurbaskanindan-bakan-mikdada-tunusun-tutumu-suriyeyi-destekliyor","status":"publish","type":"post","link":"https:\/\/archive.sana.sy\/tr\/?p=278987","title":{"rendered":"Tunus Cumhurba\u015fkan\u0131&#8217;ndan Bakan Mikdad&#8217;a: Tunus&#8217;un Tutumu Suriye&#8217;yi Destekliyor"},"content":{"rendered":"<p><strong>TUNUS<\/strong> \u2013 Tunus Cumhurba\u015fkan\u0131 Kayis Said bug\u00fcn Kartaca Saray\u0131&#8217;nda D\u0131\u015fi\u015fleri ve G\u00f6\u00e7menler Bakan\u0131 Faysal Mikdad&#8217;\u0131 kabul etti<\/p>\n<p>Bakan Mikdad, Suriye&#8217;ye deprem \u00e7ilesiyle y\u00fczle\u015fmek i\u00e7in yapt\u0131\u011f\u0131 yard\u0131m ve bu yard\u0131m\u0131n verdi\u011fi mesajlar ve iki karde\u015f halk aras\u0131nda yans\u0131tt\u0131\u011f\u0131 derin ba\u011flar i\u00e7in Cumhurba\u015fkan\u0131 Be\u015f\u015far Esad&#8217;\u0131n\u00a0 Tunus y\u00f6netimine, h\u00fck\u00fcmetine ve halk\u0131na te\u015fekk\u00fcrlerini iletti.<\/p>\n<p>Yakla\u015fan Ramazan Bayram\u0131 m\u00fcnasebetiyle Cumhurba\u015fkan\u0131 Esad&#8217;\u0131n Cumhurba\u015fkan\u0131 Said&#8217;e tebriklerini de ileten Mikdad,\u00a0 iki karde\u015f \u00fclke olan Suriye ve Tunus aras\u0131ndaki ikili ili\u015fkilerin normal ve do\u011fru seyrine d\u00f6nmesinden Suriye&#8217;nin duydu\u011fu memnuniyeti dile getirdi ve Ye\u015fil Tunus&#8217;ta bulunmas\u0131ndan ve Cumhurba\u015fkan\u0131 Kayis Said&#8217;in liderli\u011fi s\u0131ras\u0131nda karde\u015f Tunus&#8217;un t\u00fcm krizlere ve kar\u015f\u0131la\u015ft\u0131\u011f\u0131 zorluklara ra\u011fmen sa\u011flad\u0131\u011f\u0131 istikrar ve refahtan b\u00fcy\u00fck mutlulu\u011funu vurgulad\u0131.<\/p>\n<p><img loading=\"lazy\" decoding=\"async\" class=\"size-full wp-image-278990 alignright\" src=\"http:\/\/sana.sy\/tr\/wp-content\/uploads\/2023\/04\/B-300x196-1.jpg\" alt=\"\" width=\"300\" height=\"196\" \/>Bakan Mikdad ayr\u0131ca, Tunus cumhurba\u015fkan\u0131na ter\u00f6re kar\u015f\u0131 sava\u015f\u0131nda Suriye&#8217;ye verdi\u011fi destek, Tunus&#8217;un Suriye&#8217;ye verdi\u011fi destek ve iki karde\u015f halk ve \u00fclkenin yarar\u0131na ve hizmeti i\u00e7in aralar\u0131ndaki ili\u015fkilerin g\u00fc\u00e7lendirilmesinin \u00f6nemi i\u00e7in te\u015fekk\u00fcr etti.<\/p>\n<p>Buna kar\u015f\u0131l\u0131k Cumhurba\u015fkan\u0131 Said, Cumhurba\u015fkan\u0131 Esad&#8217;a en s\u0131cak selamlar\u0131n\u0131 ve iki \u00fclke aras\u0131ndaki ili\u015fkilerin geli\u015ftirilmesinden duydu\u011fu b\u00fcy\u00fck mutlulu\u011fu Bakan Mikdad&#8217;a emanet ederek, \u00a0Suriye liderli\u011fi, h\u00fck\u00fcmeti ve halk\u0131 i\u00e7in daha fazla ilerleme ve refah dileyerek, Suriye&#8217;nin ter\u00f6re kar\u015f\u0131 sava\u015f\u0131nda elde etti\u011fi ba\u015far\u0131lara, komplolar kar\u015f\u0131s\u0131ndaki kararl\u0131l\u0131\u011f\u0131na ve egemenli\u011fini korumas\u0131na i\u015faret etti ve \u00a0Suriye&#8217;deki duruma ili\u015fkin geli\u015fmelerden ve Suriye-Arap ili\u015fkilerindeki at\u0131l\u0131mlardan duydu\u011fu memnuniyeti dile getirdi.<\/p>\n<p>Bunun yn\u0131nda Bakan Mikdad, Cumhurba\u015fkan\u0131 Esad&#8217;\u0131n hakl\u0131 davalar\u0131n\u0131 savunmak i\u00e7in t\u00fcm Arap \u00fclkelerinin \u00e7abalar\u0131n\u0131 seferber etmenin \u00f6nemine yapt\u0131\u011f\u0131 vurgu dahil, Suriye ile baz\u0131 Arap ve dost \u00fclkeler aras\u0131ndaki ileti\u015fimin sonu\u00e7lar\u0131n\u0131, b\u00f6lgedeki ve d\u00fcnyadaki siyasi geli\u015fmeleri ve Suriye&#8217;nin bunlara kar\u015f\u0131 tutumunu Ba\u015fkan Said&#8217;e sundu ve Suriye&#8217;nin as\u0131l endi\u015fesinin, hayati meselelerini korumak ve i\u00e7 i\u015flerine m\u00fcdahaleyi reddetmek i\u00e7in Arap \u00fclkelerinin \u00e7abalar\u0131n\u0131 birle\u015ftirmek ve Arap-Arap ili\u015fkilerini geli\u015ftirmek oldu\u011funu vurgulad\u0131.<\/p>\n<p>Tunus Cumhurba\u015fkan\u0131 ayr\u0131ca, Bakan Mikdad&#8217;a, iki karde\u015f halk\u0131n ortak hedeflerine ula\u015fmak i\u00e7in Suriye&#8217;nin elde etti\u011fi kazan\u0131mlar\u0131n yan\u0131 s\u0131ra Tunus halk\u0131n\u0131n karanl\u0131k ve geri kalm\u0131\u015fl\u0131k g\u00fc\u00e7lerine kar\u015f\u0131 att\u0131\u011f\u0131 ad\u0131mlar\u0131n birbirini tamamlay\u0131c\u0131 nitelikte oldu\u011funu vurgularken, Suriye&#8217;nin Arap pozisyonunun birli\u011fini ve Arap \u00e7\u0131karlar\u0131n\u0131 destekleyen tarihi pozisyonlar\u0131n\u0131 takdir etti\u011fini ifade ederek, Suriye&#8217;nin Devlet Ba\u015fkan\u0131 Esad liderli\u011finde elde etti\u011fi ba\u015far\u0131lara dikkat \u00e7ekti ve Tunus&#8217;un Suriye&#8217;yi destekleyen konumunu belirtti.<\/p>\n<p>Cumhurba\u015fkan\u0131 Said, Arap \u00fclkelerinin kar\u015f\u0131 kar\u015f\u0131ya oldu\u011fu t\u00fcm zorluklarla y\u00fczle\u015fmede Arap pozisyonlar\u0131n\u0131 birle\u015ftirmenin \u00f6nemini a\u00e7\u0131klarken, \u2018\u2019Tunus&#8217;un konumu, t\u00fcm Arap \u00fclkelerinin egemenli\u011finin ve ba\u011f\u0131ms\u0131zl\u0131\u011f\u0131n\u0131n savunulmas\u0131 ve Arap-Arap ili\u015fkilerinin eski seviyelere d\u00f6nd\u00fcr\u00fclmesi olmu\u015ftur ve \u00f6yle kalacakt\u0131r.\u2019\u2019 dedi.<\/p>\n<p>G\u00f6r\u00fc\u015fmenin sonunda Bakan Mikdad, iki \u00fclke aras\u0131ndaki ikili ili\u015fkileri g\u00fc\u00e7lendirmeye devam etmenin ve onlar\u0131 eski haline getirmenin ve aralar\u0131nda \u00e7e\u015fitli alanlarda ve her d\u00fczeyde koordinasyon ve isti\u015fareyi s\u00fcrd\u00fcrmenin \u00f6nemini yeniden vurgulad\u0131.<\/p>\n<p>G\u00f6r\u00fc\u015fmeye, Suriye Arap Cumhuriyeti&#8217;nin Cezayir B\u00fcy\u00fckel\u00e7isi Numeyir El Ganem, D\u0131\u015fi\u015fleri Bakanl\u0131\u011f\u0131 Arap \u0130\u015fleri Daire Ba\u015fkan\u0131 \u00a0Riyad Abbas, Bakanl\u0131k Ofisi M\u00fcd\u00fcr\u00fc Cemal Necib, bakanl\u0131ktan \u0130hsan El Rumman \u00a0ve Tunus taraf\u0131ndan D\u0131\u015fi\u015fleri ve Gurbe\u00e7iler Bakan\u0131 Nebil Ammar kat\u0131ld\u0131.<\/p>\n<p>&nbsp;<\/p>\n<p>R.M.<\/p>\n<p><a href=\"https:\/\/t.me\/SuriyeArapHaberAjansI\">Telegram Kanal\u0131m\u0131z\u00a0<\/a><\/p>\n<p><a href=\"https:\/\/www.facebook.com\/SANAHaberAjansi\/\">Facebook Sayfam\u0131z<\/a><\/p>\n<p>&nbsp;<\/p>\n<p>&nbsp;<\/p>\n<p>&nbsp;<\/p>\n<p>&nbsp;<\/p>\n<p>&nbsp;<\/p>\n<p>&nbsp;<\/p>\n<p>&nbsp;<\/p>\n<p>&nbsp;<\/p>\n<p>&nbsp;<\/p>\n<p>&nbsp;<\/p>\n<p>&nbsp;<\/p>\n","protected":false},"excerpt":{"rendered":"<p>TUNUS \u2013 Tunus Cumhurba\u015fkan\u0131 Kayis Said bug\u00fcn Kartaca Saray\u0131&#8217;nda D\u0131\u015fi\u015fleri ve G\u00f6\u00e7menler Bakan\u0131 Faysal Mikdad&#8217;\u0131 kabul etti Bakan Mikdad, Suriye&#8217;ye deprem \u00e7ilesiyle y\u00fczle\u015fmek i\u00e7in yapt\u0131\u011f\u0131 yard\u0131m ve bu yard\u0131m\u0131n verdi\u011fi mesajlar ve iki karde\u015f halk aras\u0131nda yans\u0131tt\u0131\u011f\u0131 derin ba\u011flar i\u00e7in Cumhurba\u015fkan\u0131 Be\u015f\u015far Esad&#8217;\u0131n\u00a0 Tunus y\u00f6netimine, h\u00fck\u00fcmetine ve halk\u0131na te\u015fekk\u00fcrlerini iletti. Yakla\u015fan Ramazan Bayram\u0131 m\u00fcnasebetiyle Cumhurba\u015fkan\u0131 &hellip;<\/p>\n","protected":false},"author":41,"featured_media":278988,"comment_status":"closed","ping_status":"closed","sticky":false,"template":"","format":"standard","meta":{"footnotes":""},"categories":[458,459,17988],"tags":[],"class_list":["post-278987","post","type-post","status-publish","format-standard","has-post-thumbnail","","category-dunya1","category-haberler-arap-uluslararasi-politika","category-son-haberler"],"_links":{"self":[{"href":"https:\/\/archive.sana.sy\/tr\/index.php?rest_route=\/wp\/v2\/posts\/278987","targetHints":{"allow":["GET"]}}],"collection":[{"href":"https:\/\/archive.sana.sy\/tr\/index.php?rest_route=\/wp\/v2\/posts"}],"about":[{"href":"https:\/\/archive.sana.sy\/tr\/index.php?rest_route=\/wp\/v2\/types\/post"}],"author":[{"embeddable":true,"href":"https:\/\/archive.sana.sy\/tr\/index.php?rest_route=\/wp\/v2\/users\/41"}],"replies":[{"embeddable":true,"href":"https:\/\/archive.sana.sy\/tr\/index.php?rest_route=%2Fwp%2Fv2%2Fcomments&post=278987"}],"version-history":[{"count":0,"href":"https:\/\/archive.sana.sy\/tr\/index.php?rest_route=\/wp\/v2\/posts\/278987\/revisions"}],"wp:featuredmedia":[{"embeddable":true,"href":"https:\/\/archive.sana.sy\/tr\/index.php?rest_route=\/wp\/v2\/media\/278988"}],"wp:attachment":[{"href":"https:\/\/archive.sana.sy\/tr\/index.php?rest_route=%2Fwp%2Fv2%2Fmedia&parent=278987"}],"wp:term":[{"taxonomy":"category","embeddable":true,"href":"https:\/\/archive.sana.sy\/tr\/index.php?rest_route=%2Fwp%2Fv2%2Fcategories&post=278987"},{"taxonomy":"post_tag","embeddable":true,"href":"https:\/\/archive.sana.sy\/tr\/index.php?rest_route=%2Fwp%2Fv2%2Ftags&post=278987"}],"curies":[{"name":"wp","href":"https:\/\/api.w.org\/{rel}","templated":true}]}}