{"id":279005,"date":"2023-04-18T19:16:54","date_gmt":"2023-04-18T16:16:54","guid":{"rendered":"http:\/\/sana.sy\/tr\/?p=279005"},"modified":"2023-04-20T09:16:24","modified_gmt":"2023-04-20T06:16:24","slug":"iki-ulke-arasinda-parlamento-isbirligi-konulu-suriye-endonezya-gorusmeleri","status":"publish","type":"post","link":"https:\/\/archive.sana.sy\/tr\/?p=279005","title":{"rendered":"\u0130ki \u00dclke Aras\u0131nda Parlamento \u0130\u015fbirli\u011fi Konulu Suriye-Endonezya G\u00f6r\u00fc\u015fmeleri"},"content":{"rendered":"<p><strong>CAKARTA<\/strong>&#8211; Suriye&#8217;nin Cakarta B\u00fcy\u00fckel\u00e7isi Abdulm\u00fcnim Annan, Endonezya Parlamentosu D\u0131\u015f \u0130li\u015fkiler Komitesi Ba\u015fkan\u0131 Fadli Zun ile iki \u00fclke aras\u0131ndaki ortak parlamento i\u015fbirli\u011fi umutlar\u0131 ve ortak kayg\u0131 duyulan bir dizi konuyu g\u00f6r\u00fc\u015ft\u00fc.<\/p>\n<p>B\u00fcy\u00fckel\u00e7i Annan, iki \u00fclke aras\u0131ndaki tarihi ili\u015fkilere ve iki \u00fclke aras\u0131ndaki ticaret al\u0131\u015fveri\u015fi hacmini ve ekonomik i\u015fbirli\u011fini geni\u015fletmek ve art\u0131rmak i\u00e7in b\u00fcy\u00fck f\u0131rsatlar\u0131n varl\u0131\u011f\u0131na de\u011findi.<\/p>\n<p>Buna kar\u015f\u0131l\u0131k Zun, b\u00fcy\u00fck bir meclis heyetinin ba\u015f\u0131nda \u00f6n\u00fcm\u00fczdeki ay Suriye&#8217;yi ziyaret edece\u011fini, Ard\u0131ndan, iki \u00fclke aras\u0131ndaki ili\u015fkilerin \u00e7e\u015fitli alanlarda g\u00fc\u00e7lendirilmesi i\u00e7in odaklanmas\u0131 gereken alanlara ili\u015fkin Endonezya h\u00fck\u00fcmetine bir tavsiye paketi sunulaca\u011f\u0131n\u0131 a\u00e7\u0131k\u00e7a belirtti.<\/p>\n<p>&nbsp;<\/p>\n<div id='gallery-1' class='gallery galleryid-279005 gallery-columns-1 gallery-size-full'><figure class='gallery-item'>\n\t\t\t<div class='gallery-icon landscape'>\n\t\t\t\t<a href='https:\/\/archive.sana.sy\/tr\/?attachment_id=279007'><img loading=\"lazy\" decoding=\"async\" width=\"660\" height=\"413\" src=\"https:\/\/archive.sana.sy\/tr\/wp-content\/uploads\/2023\/04\/photo_2023-04-18_16-56-58.jpg\" class=\"attachment-full size-full\" alt=\"\" srcset=\"https:\/\/archive.sana.sy\/tr\/wp-content\/uploads\/2023\/04\/photo_2023-04-18_16-56-58.jpg 660w, https:\/\/archive.sana.sy\/tr\/wp-content\/uploads\/2023\/04\/photo_2023-04-18_16-56-58-300x188.jpg 300w\" sizes=\"auto, (max-width: 660px) 100vw, 660px\" \/><\/a>\n\t\t\t<\/div><\/figure>\n\t\t<\/div>\n\n<p>&nbsp;<\/p>\n<p>R.M.<\/p>\n<p><a href=\"https:\/\/t.me\/SuriyeArapHaberAjansI\">Telegram Kanal\u0131m\u0131z\u00a0<\/a><\/p>\n<p><a href=\"https:\/\/www.facebook.com\/SANAHaberAjansi\/\">Facebook Sayfam\u0131z<\/a><\/p>\n","protected":false},"excerpt":{"rendered":"<p>CAKARTA&#8211; Suriye&#8217;nin Cakarta B\u00fcy\u00fckel\u00e7isi Abdulm\u00fcnim Annan, Endonezya Parlamentosu D\u0131\u015f \u0130li\u015fkiler Komitesi Ba\u015fkan\u0131 Fadli Zun ile iki \u00fclke aras\u0131ndaki ortak parlamento i\u015fbirli\u011fi umutlar\u0131 ve ortak kayg\u0131 duyulan bir dizi konuyu g\u00f6r\u00fc\u015ft\u00fc. B\u00fcy\u00fckel\u00e7i Annan, iki \u00fclke aras\u0131ndaki tarihi ili\u015fkilere ve iki \u00fclke aras\u0131ndaki ticaret al\u0131\u015fveri\u015fi hacmini ve ekonomik i\u015fbirli\u011fini geni\u015fletmek ve art\u0131rmak i\u00e7in b\u00fcy\u00fck f\u0131rsatlar\u0131n varl\u0131\u011f\u0131na de\u011findi. &hellip;<\/p>\n","protected":false},"author":41,"featured_media":279006,"comment_status":"closed","ping_status":"closed","sticky":false,"template":"","format":"standard","meta":{"footnotes":""},"categories":[458,459,17988],"tags":[],"class_list":["post-279005","post","type-post","status-publish","format-standard","has-post-thumbnail","","category-dunya1","category-haberler-arap-uluslararasi-politika","category-son-haberler"],"_links":{"self":[{"href":"https:\/\/archive.sana.sy\/tr\/index.php?rest_route=\/wp\/v2\/posts\/279005","targetHints":{"allow":["GET"]}}],"collection":[{"href":"https:\/\/archive.sana.sy\/tr\/index.php?rest_route=\/wp\/v2\/posts"}],"about":[{"href":"https:\/\/archive.sana.sy\/tr\/index.php?rest_route=\/wp\/v2\/types\/post"}],"author":[{"embeddable":true,"href":"https:\/\/archive.sana.sy\/tr\/index.php?rest_route=\/wp\/v2\/users\/41"}],"replies":[{"embeddable":true,"href":"https:\/\/archive.sana.sy\/tr\/index.php?rest_route=%2Fwp%2Fv2%2Fcomments&post=279005"}],"version-history":[{"count":0,"href":"https:\/\/archive.sana.sy\/tr\/index.php?rest_route=\/wp\/v2\/posts\/279005\/revisions"}],"wp:featuredmedia":[{"embeddable":true,"href":"https:\/\/archive.sana.sy\/tr\/index.php?rest_route=\/wp\/v2\/media\/279006"}],"wp:attachment":[{"href":"https:\/\/archive.sana.sy\/tr\/index.php?rest_route=%2Fwp%2Fv2%2Fmedia&parent=279005"}],"wp:term":[{"taxonomy":"category","embeddable":true,"href":"https:\/\/archive.sana.sy\/tr\/index.php?rest_route=%2Fwp%2Fv2%2Fcategories&post=279005"},{"taxonomy":"post_tag","embeddable":true,"href":"https:\/\/archive.sana.sy\/tr\/index.php?rest_route=%2Fwp%2Fv2%2Ftags&post=279005"}],"curies":[{"name":"wp","href":"https:\/\/api.w.org\/{rel}","templated":true}]}}