{"id":279040,"date":"2023-04-18T23:33:57","date_gmt":"2023-04-18T20:33:57","guid":{"rendered":"https:\/\/sana.sy\/tr\/?p=279040"},"modified":"2023-04-20T09:16:33","modified_gmt":"2023-04-20T06:16:33","slug":"suriye-tunus-ortak-aciklamasi-iki-kardes-ulke-arasindaki-isbirligi-guclendirilmeli","status":"publish","type":"post","link":"https:\/\/archive.sana.sy\/tr\/?p=279040","title":{"rendered":"Suriye-Tunus Ortak A\u00e7\u0131klamas\u0131: \u0130ki Karde\u015f \u00dclke Aras\u0131ndaki \u0130\u015fbirli\u011fi G\u00fc\u00e7lendirilmeli"},"content":{"rendered":"<p><strong>TUNUS<\/strong> \u2013 D\u0131\u015fi\u015fleri ve Gurbet\u00e7iler Bakan\u0131 Faysal Mikdad, Tunus D\u0131\u015fi\u015fleri Bakanl\u0131\u011f\u0131 binas\u0131nda D\u0131\u015fi\u015fleri, G\u00f6\u00e7menlik ve Yurtd\u0131\u015f\u0131ndaki Tunuslular Bakan\u0131 Nebil Ammar ile bir araya geldi ve ard\u0131ndan iki \u00fclke heyetlerinin de kat\u0131ld\u0131\u011f\u0131 kapsaml\u0131 bir g\u00f6r\u00fc\u015fme oturumunun ard\u0131ndan ortak a\u00e7\u0131klamas\u0131 yay\u0131nland\u0131.<\/p>\n<p>Ziyareti s\u0131ras\u0131nda Tunus Cumhurba\u015fkan\u0131 Kayis Said ile g\u00f6r\u00fc\u015fen Mikdad, g\u00f6r\u00fc\u015fmede iki karde\u015f halk\u0131n ortak \u00e7\u0131karlar\u0131na hizmet etmek i\u00e7in iki \u00fclkenin karde\u015flik ba\u011flar\u0131n\u0131 daha da g\u00fc\u00e7lendirme ve iki \u00fclke aras\u0131ndaki i\u015fbirli\u011fi ili\u015fkilerini g\u00fc\u00e7lendirme konusundaki kararl\u0131l\u0131\u011f\u0131 vurgulayan Bakan Mikdad, Tunus&#8217;un, \u00a0\u00fclkenin kuzeyini vuran y\u0131k\u0131c\u0131 depremin ard\u0131ndan yard\u0131m \u00e7abalar\u0131n\u0131 desteklemek i\u00e7in Suriye&#8217;ye g\u00f6ndermek i\u00e7in inisiyatif ald\u0131\u011f\u0131 insani yard\u0131ma \u00f6vg\u00fcde bulundu.<\/p>\n<p>Ortak a\u00e7\u0131klamada, Suriye&#8217;nin egemenli\u011finin, toprak b\u00fct\u00fcnl\u00fc\u011f\u00fcn\u00fcn, istikrar\u0131n\u0131n ve toprak b\u00fct\u00fcnl\u00fc\u011f\u00fcn\u00fcn korunmas\u0131 ve krize siyasi bir \u00e7\u00f6z\u00fcme ula\u015fma s\u00fcrecini h\u0131zland\u0131rmak ve Suriye&#8217;nin t\u00fcm topraklar\u0131 \u00fczerindeki tam egemenli\u011fini yeniden tesis etmek i\u00e7in b\u00f6lgesel ve uluslararas\u0131 \u00e7abalar\u0131 zorlaman\u0131n gereklili\u011fi vurguland\u0131.<\/p>\n<p><strong>G\u00f6r\u00fc\u015fme oturumunda a\u015fa\u011f\u0131dakiler \u00fczerinde anla\u015fmaya var\u0131ld\u0131:<\/strong><\/p>\n<p>&#8211; \u00c7e\u015fitli ikili meseleler ve ortak ilgi alanlar\u0131na ili\u015fkin isti\u015fare ve koordinasyonu geli\u015ftirmek ve ortak bir komite toplamak i\u00e7in \u00e7al\u0131\u015fmak amac\u0131yla bir sonraki a\u015famada iki \u00fclke aras\u0131ndaki ileti\u015fimin yo\u011funla\u015ft\u0131r\u0131lmas\u0131.<\/p>\n<p>-\u0130ki \u00fclke aras\u0131ndaki ekonomik i\u015fbirli\u011fini s\u00fcrd\u00fcrmek i\u00e7in \u00e7al\u0131\u015fmak.<\/p>\n<p>-Konsolosluk ve insani yard\u0131m alan\u0131nda i\u015fbirli\u011fini geli\u015ftirmek ve ortak konsolosluk komitesini m\u00fcmk\u00fcn olan en k\u0131sa s\u00fcrede toplamak i\u00e7in \u00e7al\u0131\u015fmak.<\/p>\n<p>-G\u00fcvenlik alan\u0131nda, \u00f6zellikle ter\u00f6r, organize su\u00e7 ve insan ka\u00e7ak\u00e7\u0131l\u0131\u011f\u0131 \u015febekeleriyle m\u00fccadele alan\u0131nda i\u015fbirli\u011finin geli\u015ftirilmek.<\/p>\n<p>&#8211; Tunus taraf\u0131, Suriye&#8217;nin Arap \u00e7evresine geri d\u00f6nmesini ve Arap Devletleri Ligi&#8217;ndeki rol\u00fcn\u00fcn yeniden kurulmas\u0131n\u0131 destekleyen konumunu vurgulayarak, Suriye&#8217;nin g\u00fcvenlik ve istikrar\u0131n\u0131n t\u00fcm b\u00f6lgenin g\u00fcvenlik ve istikrar\u0131n\u0131n temel dire\u011fi oldu\u011funu kaydetti.<\/p>\n<p>-\u0130srail&#8217;in Suriye\u2019nin topraklar\u0131na y\u00f6nelik tekrarlanan i\u015fgal sald\u0131r\u0131lar\u0131 kar\u015f\u0131s\u0131nda Tunus&#8217;un Suriye ile tam dayan\u0131\u015fmas\u0131n\u0131 ifade ederek, i\u015fgal alt\u0131ndaki Golan&#8217;\u0131 geri alma konusundaki me\u015fru hakk\u0131n\u0131 destekleyerek ve i\u015fgal alt\u0131ndaki t\u00fcm topraklar\u0131nda egemenli\u011fini dayatt\u0131.<\/p>\n<p>Ortak a\u00e7\u0131klamada, iki taraf\u0131n ortak ilgi alan\u0131na giren konularda g\u00f6r\u00fc\u015f ve vizyon al\u0131\u015fveri\u015finde bulundu\u011fu belirtildi ve \u0130srail&#8217;in \u00f6zellikle Kud\u00fcs-i \u015eerif&#8217;te Filistin halk\u0131na y\u00f6nelik sistematik sald\u0131r\u0131lar\u0131n\u0131 ve kutsall\u0131klara sayg\u0131s\u0131zl\u0131\u011f\u0131n\u0131 k\u0131nad\u0131\u011f\u0131 vurguland\u0131.<\/p>\n<p>A\u00e7\u0131klamada ayr\u0131ca, Suriye ve Tunus taraflar\u0131, karde\u015f Filistin halk\u0131n\u0131n me\u015fru ve devredilemez haklar\u0131n\u0131 geri kazanma ve ba\u015fkenti Kud\u00fcs olan ba\u011f\u0131ms\u0131z, egemen devletlerini kurma m\u00fccadelesini destekleme konusundaki kararl\u0131 konumlar\u0131n\u0131 vurgularken, \u00a0mevcut b\u00f6lgesel ve uluslararas\u0131 d\u00f6n\u00fc\u015f\u00fcmler \u0131\u015f\u0131\u011f\u0131nda b\u00f6lgenin kar\u015f\u0131 kar\u015f\u0131ya oldu\u011fu ortak zorluklarla etkili bir \u015fekilde m\u00fccadele etmek i\u00e7in ortak Arap \u00e7abalar\u0131na ihtiya\u00e7 duyuldu\u011fu kaydedildi.<\/p>\n<p><a href=\"https:\/\/t.me\/SuriyeArapHaberAjansI\">Telegram Kanal\u0131m\u0131z\u00a0<\/a><\/p>\n<p><a href=\"https:\/\/www.facebook.com\/SANAHaberAjansi\/\">Facebook Sayfam\u0131z<\/a><\/p>\n","protected":false},"excerpt":{"rendered":"<p>TUNUS \u2013 D\u0131\u015fi\u015fleri ve Gurbet\u00e7iler Bakan\u0131 Faysal Mikdad, Tunus D\u0131\u015fi\u015fleri Bakanl\u0131\u011f\u0131 binas\u0131nda D\u0131\u015fi\u015fleri, G\u00f6\u00e7menlik ve Yurtd\u0131\u015f\u0131ndaki Tunuslular Bakan\u0131 Nebil Ammar ile bir araya geldi ve ard\u0131ndan iki \u00fclke heyetlerinin de kat\u0131ld\u0131\u011f\u0131 kapsaml\u0131 bir g\u00f6r\u00fc\u015fme oturumunun ard\u0131ndan ortak a\u00e7\u0131klamas\u0131 yay\u0131nland\u0131. Ziyareti s\u0131ras\u0131nda Tunus Cumhurba\u015fkan\u0131 Kayis Said ile g\u00f6r\u00fc\u015fen Mikdad, g\u00f6r\u00fc\u015fmede iki karde\u015f halk\u0131n ortak \u00e7\u0131karlar\u0131na hizmet &hellip;<\/p>\n","protected":false},"author":39,"featured_media":279041,"comment_status":"closed","ping_status":"closed","sticky":false,"template":"","format":"standard","meta":{"footnotes":""},"categories":[458,459,17988],"tags":[],"class_list":["post-279040","post","type-post","status-publish","format-standard","has-post-thumbnail","","category-dunya1","category-haberler-arap-uluslararasi-politika","category-son-haberler"],"_links":{"self":[{"href":"https:\/\/archive.sana.sy\/tr\/index.php?rest_route=\/wp\/v2\/posts\/279040","targetHints":{"allow":["GET"]}}],"collection":[{"href":"https:\/\/archive.sana.sy\/tr\/index.php?rest_route=\/wp\/v2\/posts"}],"about":[{"href":"https:\/\/archive.sana.sy\/tr\/index.php?rest_route=\/wp\/v2\/types\/post"}],"author":[{"embeddable":true,"href":"https:\/\/archive.sana.sy\/tr\/index.php?rest_route=\/wp\/v2\/users\/39"}],"replies":[{"embeddable":true,"href":"https:\/\/archive.sana.sy\/tr\/index.php?rest_route=%2Fwp%2Fv2%2Fcomments&post=279040"}],"version-history":[{"count":0,"href":"https:\/\/archive.sana.sy\/tr\/index.php?rest_route=\/wp\/v2\/posts\/279040\/revisions"}],"wp:featuredmedia":[{"embeddable":true,"href":"https:\/\/archive.sana.sy\/tr\/index.php?rest_route=\/wp\/v2\/media\/279041"}],"wp:attachment":[{"href":"https:\/\/archive.sana.sy\/tr\/index.php?rest_route=%2Fwp%2Fv2%2Fmedia&parent=279040"}],"wp:term":[{"taxonomy":"category","embeddable":true,"href":"https:\/\/archive.sana.sy\/tr\/index.php?rest_route=%2Fwp%2Fv2%2Fcategories&post=279040"},{"taxonomy":"post_tag","embeddable":true,"href":"https:\/\/archive.sana.sy\/tr\/index.php?rest_route=%2Fwp%2Fv2%2Ftags&post=279040"}],"curies":[{"name":"wp","href":"https:\/\/api.w.org\/{rel}","templated":true}]}}