{"id":27906,"date":"2015-03-29T15:55:09","date_gmt":"2015-03-29T12:55:09","guid":{"rendered":"http:\/\/www.sana.sy\/tr\/?p=27906"},"modified":"2015-03-29T16:23:02","modified_gmt":"2015-03-29T13:23:02","slug":"en-onemli-gundem-halklarin-kendi-gelecegini-kendileri-belirleme-hakkidir","status":"publish","type":"post","link":"https:\/\/archive.sana.sy\/tr\/?p=27906","title":{"rendered":"En \u00d6nemli G\u00fcndem Halklar\u0131n Kendi Gelece\u011fini Kendileri Belirleme Hakk\u0131d\u0131r"},"content":{"rendered":"<p>KARAKAS \u2013 Amerika Halklar\u0131n\u0131n Bolivarc\u0131 \u0130ttifak\u0131 ALBA\u2019da devlet ba\u015fkanlar\u0131 ve ba\u015fbakanlar \u00f6n\u00fcm\u00fczdeki Nisan ay\u0131nda d\u00fczenlenmesi beklenen \u0130ki Amerika Zirvesinin en \u00f6nemli g\u00fcndeminin; d\u00fcnya halklar\u0131n\u0131n kendi geleceklerini kendi elleriyle belirleme ve halklar\u0131n egemenli\u011fine sayg\u0131 g\u00f6sterme olaca\u011f\u0131n\u0131 ilan etti.<\/p>\n<p>ALBA liderleri Venez\u00fcella\u2019n\u0131n ba\u015fkenti Karakas\u2019ta yay\u0131nlad\u0131klar\u0131 beyanda; zirvede halklar\u0131n egemenli\u011fi ve kendi geleceklerini herhangi bir d\u0131\u015f m\u00fcdahale olmadan kendi elleriyle belirleme haklar\u0131na yo\u011fun bir \u015fekilde odaklan\u0131laca\u011f\u0131n\u0131 ifade etti. Beyanda ABD ba\u015fkan\u0131n\u0131n Venez\u00fcella\u2019n\u0131n ABD milli g\u00fcvenli\u011fine tehdit olu\u015fturdu\u011funa konusunda 9 Mart tarihinde imzalad\u0131\u011f\u0131 karar\u0131n iptal edilmesini de talep edecekleri ifade edildi.<\/p>\n<p>A.A.<\/p>\n","protected":false},"excerpt":{"rendered":"<p>KARAKAS \u2013 Amerika Halklar\u0131n\u0131n Bolivarc\u0131 \u0130ttifak\u0131 ALBA\u2019da devlet ba\u015fkanlar\u0131 ve ba\u015fbakanlar \u00f6n\u00fcm\u00fczdeki Nisan ay\u0131nda d\u00fczenlenmesi beklenen \u0130ki Amerika Zirvesinin en \u00f6nemli g\u00fcndeminin; d\u00fcnya halklar\u0131n\u0131n kendi geleceklerini kendi elleriyle belirleme ve halklar\u0131n egemenli\u011fine sayg\u0131 g\u00f6sterme olaca\u011f\u0131n\u0131 ilan etti. ALBA liderleri Venez\u00fcella\u2019n\u0131n ba\u015fkenti Karakas\u2019ta yay\u0131nlad\u0131klar\u0131 beyanda; zirvede halklar\u0131n egemenli\u011fi ve kendi geleceklerini herhangi bir d\u0131\u015f m\u00fcdahale olmadan &hellip;<\/p>\n","protected":false},"author":1,"featured_media":27907,"comment_status":"closed","ping_status":"closed","sticky":false,"template":"","format":"standard","meta":{"footnotes":""},"categories":[458,459,447],"tags":[13070],"class_list":["post-27906","post","type-post","status-publish","format-standard","has-post-thumbnail","","category-dunya1","category-haberler-arap-uluslararasi-politika","category-politika","tag-karakas-amerika-halklarinin-bolivarci-ittifaki-albada-devlet-baskanlari-ve-basbakanlar-onumuzdeki-nisan-ayinda-duzenlenmesi-beklenen-iki-amerika-zirvesinin-en-onemli-gundeminin-dun"],"_links":{"self":[{"href":"https:\/\/archive.sana.sy\/tr\/index.php?rest_route=\/wp\/v2\/posts\/27906","targetHints":{"allow":["GET"]}}],"collection":[{"href":"https:\/\/archive.sana.sy\/tr\/index.php?rest_route=\/wp\/v2\/posts"}],"about":[{"href":"https:\/\/archive.sana.sy\/tr\/index.php?rest_route=\/wp\/v2\/types\/post"}],"author":[{"embeddable":true,"href":"https:\/\/archive.sana.sy\/tr\/index.php?rest_route=\/wp\/v2\/users\/1"}],"replies":[{"embeddable":true,"href":"https:\/\/archive.sana.sy\/tr\/index.php?rest_route=%2Fwp%2Fv2%2Fcomments&post=27906"}],"version-history":[{"count":0,"href":"https:\/\/archive.sana.sy\/tr\/index.php?rest_route=\/wp\/v2\/posts\/27906\/revisions"}],"wp:featuredmedia":[{"embeddable":true,"href":"https:\/\/archive.sana.sy\/tr\/index.php?rest_route=\/wp\/v2\/media\/27907"}],"wp:attachment":[{"href":"https:\/\/archive.sana.sy\/tr\/index.php?rest_route=%2Fwp%2Fv2%2Fmedia&parent=27906"}],"wp:term":[{"taxonomy":"category","embeddable":true,"href":"https:\/\/archive.sana.sy\/tr\/index.php?rest_route=%2Fwp%2Fv2%2Fcategories&post=27906"},{"taxonomy":"post_tag","embeddable":true,"href":"https:\/\/archive.sana.sy\/tr\/index.php?rest_route=%2Fwp%2Fv2%2Ftags&post=27906"}],"curies":[{"name":"wp","href":"https:\/\/api.w.org\/{rel}","templated":true}]}}