{"id":27909,"date":"2015-03-29T16:00:42","date_gmt":"2015-03-29T13:00:42","guid":{"rendered":"http:\/\/www.sana.sy\/tr\/?p=27909"},"modified":"2015-03-29T16:23:34","modified_gmt":"2015-03-29T13:23:34","slug":"yemende-sivil-yerlesim-alanlari-hastane-ve-havalimanlari-vuruldu","status":"publish","type":"post","link":"https:\/\/archive.sana.sy\/tr\/?p=27909","title":{"rendered":"Yemen\u2019de Sivil Yerle\u015fim Alanlar\u0131, Hastane ve Havalimanlar\u0131 Vuruldu"},"content":{"rendered":"<p>SANA \u2013 \u0130srail ve ABD\u2019nin ta\u015feronu olarak Suudi Arabistan komutas\u0131ndaki Arap \u00fclkelerin Yemen halk\u0131 ve altyap\u0131s\u0131na y\u00f6nelik hava bombard\u0131manlar\u0131 devam ederken; hava limanlar\u0131, askeri \u00fcsler ve \u00f6nemli kurumlar bombaland\u0131.<\/p>\n<p>Ba\u015fkent Sana\u2019da uluslar aras\u0131 havaliman\u0131na ilaveten 48 Hastanesi de bombalan\u0131rken, Hdeyda \u015eehrinde t\u0131bbi kaynaklar yine havaliman\u0131n\u0131n bombalanmas\u0131yla onlarca sivil vatanda\u015f\u0131n \u00f6l\u00fc yaral\u0131 d\u00fc\u015ft\u00fcklerini aktard\u0131.<\/p>\n<p><a href=\"http:\/\/www.sana.sy\/tr\/wp-content\/uploads\/2015\/03\/Yemen-21.jpg\"><img loading=\"lazy\" decoding=\"async\" class=\"alignright wp-image-27912 size-medium\" src=\"http:\/\/www.sana.sy\/tr\/wp-content\/uploads\/2015\/03\/Yemen-21-217x300.jpg\" alt=\"Yemen 2\" width=\"217\" height=\"300\" srcset=\"https:\/\/archive.sana.sy\/tr\/wp-content\/uploads\/2015\/03\/Yemen-21-217x300.jpg 217w, https:\/\/archive.sana.sy\/tr\/wp-content\/uploads\/2015\/03\/Yemen-21-108x150.jpg 108w, https:\/\/archive.sana.sy\/tr\/wp-content\/uploads\/2015\/03\/Yemen-21-741x1024.jpg 741w, https:\/\/archive.sana.sy\/tr\/wp-content\/uploads\/2015\/03\/Yemen-21.jpg 1500w\" sizes=\"auto, (max-width: 217px) 100vw, 217px\" \/><\/a>Sada ilinde ise sivil yerle\u015fim b\u00f6lgelerinin yan\u0131 s\u0131ra il elektrik merkezi, do\u011falgaz istasyonu, merkez cezaevi ve End \u00e7ar\u015f\u0131s\u0131n\u0131n da bombaland\u0131\u011f\u0131 kaydedildi.<\/p>\n<p>Aden B\u00f6lgesinde ise bir cephane deposunun ya\u011fmalanmas\u0131 s\u0131ras\u0131nda meydana gelen patlamada yine onlarca ki\u015finin \u00f6l\u00fc yaral\u0131 d\u00fc\u015ft\u00fckleri bildirildi.<\/p>\n<p>Bu arada Yemen Sa\u011fl\u0131k Bakanl\u0131\u011f\u0131 Suudi komutas\u0131nda ba\u015fkent Sana, Sada ve Hucca illerinde 3 g\u00fcnd\u00fcr s\u00fcren hava bombard\u0131manlar\u0131nda aralar\u0131nda kad\u0131n ve \u00e7ocuklar\u0131n bulundu\u011fu 73 ki\u015finin \u00f6ld\u00fc\u011f\u00fcn\u00fc 146 ki\u015finin de yaraland\u0131\u011f\u0131n\u0131 bildirdi. Bakanl\u0131k di\u011fer illerde \u00f6l\u00fc yaral\u0131 d\u00fc\u015fenlerin say\u0131s\u0131n\u0131 hen\u00fcz belirleyemedi\u011fine dikkat \u00e7ekti.<\/p>\n<p>A.A.<\/p>\n","protected":false},"excerpt":{"rendered":"<p>SANA \u2013 \u0130srail ve ABD\u2019nin ta\u015feronu olarak Suudi Arabistan komutas\u0131ndaki Arap \u00fclkelerin Yemen halk\u0131 ve altyap\u0131s\u0131na y\u00f6nelik hava bombard\u0131manlar\u0131 devam ederken; hava limanlar\u0131, askeri \u00fcsler ve \u00f6nemli kurumlar bombaland\u0131. Ba\u015fkent Sana\u2019da uluslar aras\u0131 havaliman\u0131na ilaveten 48 Hastanesi de bombalan\u0131rken, Hdeyda \u015eehrinde t\u0131bbi kaynaklar yine havaliman\u0131n\u0131n bombalanmas\u0131yla onlarca sivil vatanda\u015f\u0131n \u00f6l\u00fc yaral\u0131 d\u00fc\u015ft\u00fcklerini aktard\u0131. Sada ilinde &hellip;<\/p>\n","protected":false},"author":1,"featured_media":27910,"comment_status":"closed","ping_status":"closed","sticky":false,"template":"","format":"standard","meta":{"footnotes":""},"categories":[458,459,447],"tags":[13073,13072,13071],"class_list":["post-27909","post","type-post","status-publish","format-standard","has-post-thumbnail","","category-dunya1","category-haberler-arap-uluslararasi-politika","category-politika","tag-askeri-usler-ve-onemli-kurumlar-bombalandi","tag-hastane-ve-havalimanlari-vuruldu-sana-israil-ve-abdnin-taseronu-olarak-suudi-arabistan-komutasindaki-arap-ulkelerin-yemen-halki-ve-altyapisina-yonelik-hava-bombardimanlari-devam-ede","tag-yemende-sivil-yerlesim-alanlari"],"_links":{"self":[{"href":"https:\/\/archive.sana.sy\/tr\/index.php?rest_route=\/wp\/v2\/posts\/27909","targetHints":{"allow":["GET"]}}],"collection":[{"href":"https:\/\/archive.sana.sy\/tr\/index.php?rest_route=\/wp\/v2\/posts"}],"about":[{"href":"https:\/\/archive.sana.sy\/tr\/index.php?rest_route=\/wp\/v2\/types\/post"}],"author":[{"embeddable":true,"href":"https:\/\/archive.sana.sy\/tr\/index.php?rest_route=\/wp\/v2\/users\/1"}],"replies":[{"embeddable":true,"href":"https:\/\/archive.sana.sy\/tr\/index.php?rest_route=%2Fwp%2Fv2%2Fcomments&post=27909"}],"version-history":[{"count":0,"href":"https:\/\/archive.sana.sy\/tr\/index.php?rest_route=\/wp\/v2\/posts\/27909\/revisions"}],"wp:featuredmedia":[{"embeddable":true,"href":"https:\/\/archive.sana.sy\/tr\/index.php?rest_route=\/wp\/v2\/media\/27910"}],"wp:attachment":[{"href":"https:\/\/archive.sana.sy\/tr\/index.php?rest_route=%2Fwp%2Fv2%2Fmedia&parent=27909"}],"wp:term":[{"taxonomy":"category","embeddable":true,"href":"https:\/\/archive.sana.sy\/tr\/index.php?rest_route=%2Fwp%2Fv2%2Fcategories&post=27909"},{"taxonomy":"post_tag","embeddable":true,"href":"https:\/\/archive.sana.sy\/tr\/index.php?rest_route=%2Fwp%2Fv2%2Ftags&post=27909"}],"curies":[{"name":"wp","href":"https:\/\/api.w.org\/{rel}","templated":true}]}}