{"id":279138,"date":"2023-04-22T12:01:09","date_gmt":"2023-04-22T09:01:09","guid":{"rendered":"http:\/\/sana.sy\/tr\/?p=279138"},"modified":"2023-04-23T08:59:01","modified_gmt":"2023-04-23T05:59:01","slug":"el-hol-kampinda-bir-cocuk-dsg-milisleri-tarafindan-vurularak-sehit-dustu","status":"publish","type":"post","link":"https:\/\/archive.sana.sy\/tr\/?p=279138","title":{"rendered":"El Hol Kamp\u0131nda Bir \u00c7ocuk &#8220;DSG&#8221; Milisleri Taraf\u0131ndan Vurularak \u015eehit D\u00fc\u015ft\u00fc"},"content":{"rendered":"<p>HASEKE &#8211; Haseke \u015fehrinin do\u011fusunda Amerikan i\u015fgal g\u00fc\u00e7lerinin deste\u011fiyle milislerin kontrol\u00fcndeki El Hol m\u00fclteci kamp\u0131nda bir \u00e7ocuk \u201cDSG\u201d milislerinin militanlar\u0131ndan biri taraf\u0131ndan vurularak \u015fehit d\u00fc\u015ft\u00fc.<\/p>\n<p>Yerel kaynaklar SANA&#8217;ya, \u201cDSG milisleri\u201d militanlar\u0131ndan birinin Haseke \u015fehrinin do\u011fusundaki yer alan El Hol kamp\u0131ndaki \u00e7ocuklardan birine ate\u015f a\u00e7arak \u015fehit d\u00fc\u015fmesine neden oldu\u011funu belirtti.<\/p>\n<p><a href=\"https:\/\/t.me\/SuriyeArapHaberAjansI\">Telegram Kanal\u0131m\u0131z\u00a0<\/a><\/p>\n<p><a href=\"https:\/\/www.facebook.com\/SANAHaberAjansi\/\">Facebook Sayfam\u0131z<\/a><\/p>\n","protected":false},"excerpt":{"rendered":"<p>HASEKE &#8211; Haseke \u015fehrinin do\u011fusunda Amerikan i\u015fgal g\u00fc\u00e7lerinin deste\u011fiyle milislerin kontrol\u00fcndeki El Hol m\u00fclteci kamp\u0131nda bir \u00e7ocuk \u201cDSG\u201d milislerinin militanlar\u0131ndan biri taraf\u0131ndan vurularak \u015fehit d\u00fc\u015ft\u00fc. Yerel kaynaklar SANA&#8217;ya, \u201cDSG milisleri\u201d militanlar\u0131ndan birinin Haseke \u015fehrinin do\u011fusundaki yer alan El Hol kamp\u0131ndaki \u00e7ocuklardan birine ate\u015f a\u00e7arak \u015fehit d\u00fc\u015fmesine neden oldu\u011funu belirtti. Telegram Kanal\u0131m\u0131z\u00a0 Facebook Sayfam\u0131z<\/p>\n","protected":false},"author":36,"featured_media":279139,"comment_status":"closed","ping_status":"closed","sticky":false,"template":"","format":"standard","meta":{"footnotes":""},"categories":[479,575,17988,478],"tags":[],"class_list":["post-279138","post","type-post","status-publish","format-standard","has-post-thumbnail","","category-haberler-yerel","category-olaylar-ve-gercekler","category-son-haberler","category-yerel"],"_links":{"self":[{"href":"https:\/\/archive.sana.sy\/tr\/index.php?rest_route=\/wp\/v2\/posts\/279138","targetHints":{"allow":["GET"]}}],"collection":[{"href":"https:\/\/archive.sana.sy\/tr\/index.php?rest_route=\/wp\/v2\/posts"}],"about":[{"href":"https:\/\/archive.sana.sy\/tr\/index.php?rest_route=\/wp\/v2\/types\/post"}],"author":[{"embeddable":true,"href":"https:\/\/archive.sana.sy\/tr\/index.php?rest_route=\/wp\/v2\/users\/36"}],"replies":[{"embeddable":true,"href":"https:\/\/archive.sana.sy\/tr\/index.php?rest_route=%2Fwp%2Fv2%2Fcomments&post=279138"}],"version-history":[{"count":0,"href":"https:\/\/archive.sana.sy\/tr\/index.php?rest_route=\/wp\/v2\/posts\/279138\/revisions"}],"wp:featuredmedia":[{"embeddable":true,"href":"https:\/\/archive.sana.sy\/tr\/index.php?rest_route=\/wp\/v2\/media\/279139"}],"wp:attachment":[{"href":"https:\/\/archive.sana.sy\/tr\/index.php?rest_route=%2Fwp%2Fv2%2Fmedia&parent=279138"}],"wp:term":[{"taxonomy":"category","embeddable":true,"href":"https:\/\/archive.sana.sy\/tr\/index.php?rest_route=%2Fwp%2Fv2%2Fcategories&post=279138"},{"taxonomy":"post_tag","embeddable":true,"href":"https:\/\/archive.sana.sy\/tr\/index.php?rest_route=%2Fwp%2Fv2%2Ftags&post=279138"}],"curies":[{"name":"wp","href":"https:\/\/api.w.org\/{rel}","templated":true}]}}