{"id":27914,"date":"2015-03-29T13:56:50","date_gmt":"2015-03-29T10:56:50","guid":{"rendered":"http:\/\/www.sana.sy\/tr\/?p=27914"},"modified":"2015-03-29T15:12:44","modified_gmt":"2015-03-29T12:12:44","slug":"teroristler-hastaneye-roketlerle-saldirdi","status":"publish","type":"post","link":"https:\/\/archive.sana.sy\/tr\/?p=27914","title":{"rendered":"Ter\u00f6ristler Hastaneye Roketlerle Sald\u0131rd\u0131"},"content":{"rendered":"<p>\u015eAM KIRSALI \u2013 \u015eam K\u0131rsal\u0131 Haresta\u2019da kanser hastalar\u0131n\u0131n tedavi edildi\u011fi Beyruni Hastanesine y\u00f6nelik havan roketleriyle d\u00fczenlen ter\u00f6r sald\u0131r\u0131s\u0131 sonucunda hastanede maddi hasarlar meydana geldi.<\/p>\n<p>\u0130l Eminyet M\u00fcd\u00fcrl\u00fc\u011f\u00fcnde bir kaynak SANA muhabirine a\u00e7\u0131klamas\u0131nda, ter\u00f6ristlerin f\u0131rlatt\u0131\u011f\u0131 iki havan roketinin Beyruni \u00dcniversite Hastanesinin \u00f6n bah\u00e7esine d\u00fc\u015ft\u00fc\u011f\u00fcn\u00fc aktard\u0131. Kaynak roketlerden birinin patlamas\u0131 sonucunda baz\u0131 ara\u00e7larda maddi hasarlar\u0131n olu\u015ftu\u011funu, sa\u011fl\u0131k ekipleri veya hasta veyahut da ziyaret\u00e7i saflar\u0131nda hi\u00e7 bir yaralanman\u0131n olmad\u0131\u011f\u0131n\u0131 dile getirdi.<\/p>\n<p>S.\u015e.<\/p>\n","protected":false},"excerpt":{"rendered":"<p>\u015eAM KIRSALI \u2013 \u015eam K\u0131rsal\u0131 Haresta\u2019da kanser hastalar\u0131n\u0131n tedavi edildi\u011fi Beyruni Hastanesine y\u00f6nelik havan roketleriyle d\u00fczenlen ter\u00f6r sald\u0131r\u0131s\u0131 sonucunda hastanede maddi hasarlar meydana geldi. \u0130l Eminyet M\u00fcd\u00fcrl\u00fc\u011f\u00fcnde bir kaynak SANA muhabirine a\u00e7\u0131klamas\u0131nda, ter\u00f6ristlerin f\u0131rlatt\u0131\u011f\u0131 iki havan roketinin Beyruni \u00dcniversite Hastanesinin \u00f6n bah\u00e7esine d\u00fc\u015ft\u00fc\u011f\u00fcn\u00fc aktard\u0131. Kaynak roketlerden birinin patlamas\u0131 sonucunda baz\u0131 ara\u00e7larda maddi hasarlar\u0131n olu\u015ftu\u011funu, sa\u011fl\u0131k &hellip;<\/p>\n","protected":false},"author":1,"featured_media":27942,"comment_status":"closed","ping_status":"closed","sticky":false,"template":"","format":"standard","meta":{"footnotes":""},"categories":[479,575,478],"tags":[13076],"class_list":["post-27914","post","type-post","status-publish","format-standard","has-post-thumbnail","","category-haberler-yerel","category-olaylar-ve-gercekler","category-yerel","tag-teroristler-hastaneye-roketlerle-saldirdi-sam-kirsali-sam-kirsali-harestada-kanser-hastalarinin-tedavi-edildigi-beyruni-hastanesine-yonelik-havan-roketleriyle-duzenlen-teror-saldiri"],"_links":{"self":[{"href":"https:\/\/archive.sana.sy\/tr\/index.php?rest_route=\/wp\/v2\/posts\/27914","targetHints":{"allow":["GET"]}}],"collection":[{"href":"https:\/\/archive.sana.sy\/tr\/index.php?rest_route=\/wp\/v2\/posts"}],"about":[{"href":"https:\/\/archive.sana.sy\/tr\/index.php?rest_route=\/wp\/v2\/types\/post"}],"author":[{"embeddable":true,"href":"https:\/\/archive.sana.sy\/tr\/index.php?rest_route=\/wp\/v2\/users\/1"}],"replies":[{"embeddable":true,"href":"https:\/\/archive.sana.sy\/tr\/index.php?rest_route=%2Fwp%2Fv2%2Fcomments&post=27914"}],"version-history":[{"count":0,"href":"https:\/\/archive.sana.sy\/tr\/index.php?rest_route=\/wp\/v2\/posts\/27914\/revisions"}],"wp:featuredmedia":[{"embeddable":true,"href":"https:\/\/archive.sana.sy\/tr\/index.php?rest_route=\/wp\/v2\/media\/27942"}],"wp:attachment":[{"href":"https:\/\/archive.sana.sy\/tr\/index.php?rest_route=%2Fwp%2Fv2%2Fmedia&parent=27914"}],"wp:term":[{"taxonomy":"category","embeddable":true,"href":"https:\/\/archive.sana.sy\/tr\/index.php?rest_route=%2Fwp%2Fv2%2Fcategories&post=27914"},{"taxonomy":"post_tag","embeddable":true,"href":"https:\/\/archive.sana.sy\/tr\/index.php?rest_route=%2Fwp%2Fv2%2Ftags&post=27914"}],"curies":[{"name":"wp","href":"https:\/\/api.w.org\/{rel}","templated":true}]}}