{"id":27915,"date":"2015-03-29T13:46:38","date_gmt":"2015-03-29T10:46:38","guid":{"rendered":"http:\/\/www.sana.sy\/tr\/?p=27915"},"modified":"2015-03-29T13:48:06","modified_gmt":"2015-03-29T10:48:06","slug":"yermuk-ahalisine-798-gida-paketi-dagitildi-52-hasta-durumu-cikarildi","status":"publish","type":"post","link":"https:\/\/archive.sana.sy\/tr\/?p=27915","title":{"rendered":"Yerm\u00fck Ahalisine 798 G\u0131da Paketi Da\u011f\u0131t\u0131ld\u0131 52 Hasta \u00c7\u0131kar\u0131ld\u0131"},"content":{"rendered":"<p>\u015eAM \u2013 Suriye H\u00fck\u00fcmetinin deste\u011fi ile Filistinli ve Arap M\u00fcltecilere Yard\u0131m Y\u00fcksek Komisyonu ve Filistinlileri \u00c7al\u0131\u015ft\u0131rma Ajans\u0131 UNRWA, Yerm\u00fck Semtinde silahl\u0131 ter\u00f6r \u00f6rg\u00fctleri taraf\u0131ndan ablukas\u0131 alt\u0131nda kalan ahaliye yard\u0131mlar da\u011f\u0131tmay\u0131 s\u00fcrd\u00fcrd\u00fc.<\/p>\n<p>Filistinli ve Arap M\u00fcltecilere Yard\u0131m Y\u00fcksek Komisyonu Genel M\u00fcd\u00fcr\u00fc Ali Mustafa SANA\u2019ya yapt\u0131\u011f\u0131 a\u00e7\u0131klamada; kurum ve UNRWA\u2019n\u0131n Cuma ve Cumartesi g\u00fcnlerinde silahl\u0131 ter\u00f6r \u00f6rg\u00fctlerince abluka alt\u0131nda tutulan Yerm\u00fck ahalisine ekmek, \u015feker ve g\u0131da yan \u00fcr\u00fcnleriyle birlikte 798 g\u0131da paketi da\u011f\u0131tt\u0131klar\u0131n\u0131 s\u00f6yledi.<\/p>\n<p>Mustafa, yard\u0131mlar\u0131n Tadamun Semti Nesrin Caddesinde da\u011f\u0131t\u0131ld\u0131\u011f\u0131na, bu ay\u0131n 5\u2019inden bu yana da\u011f\u0131t\u0131lan g\u0131da paketlerinin 5852\u2019ye, 30.01.2014 tarihinden bu yana 61882 g\u0131da paketi ve 11618 sa\u011fl\u0131k paketinin da\u011f\u0131t\u0131ld\u0131\u011f\u0131na i\u015faret etti.<\/p>\n<p>Mustafa \u0130lkyard\u0131m ve Filistin K\u0131z\u0131lay\u2019\u0131na tabi sa\u011fl\u0131k noktas\u0131n\u0131n hastalar\u0131 tedavi etmeyi s\u00fcrd\u00fcrd\u00fcklerini, \u015eam hastanelerine 52 hasta durumu \u00e7\u0131kard\u0131klar\u0131n\u0131 ge\u00e7en y\u0131l\u0131n Ocak ay\u0131ndan bu yana \u00e7\u0131kar\u0131lan hasta durumunun 4856\u2019ya vard\u0131\u011f\u0131na dikkat \u00e7ekti.<\/p>\n<p>S.\u015e.<\/p>\n","protected":false},"excerpt":{"rendered":"<p>\u015eAM \u2013 Suriye H\u00fck\u00fcmetinin deste\u011fi ile Filistinli ve Arap M\u00fcltecilere Yard\u0131m Y\u00fcksek Komisyonu ve Filistinlileri \u00c7al\u0131\u015ft\u0131rma Ajans\u0131 UNRWA, Yerm\u00fck Semtinde silahl\u0131 ter\u00f6r \u00f6rg\u00fctleri taraf\u0131ndan ablukas\u0131 alt\u0131nda kalan ahaliye yard\u0131mlar da\u011f\u0131tmay\u0131 s\u00fcrd\u00fcrd\u00fc. Filistinli ve Arap M\u00fcltecilere Yard\u0131m Y\u00fcksek Komisyonu Genel M\u00fcd\u00fcr\u00fc Ali Mustafa SANA\u2019ya yapt\u0131\u011f\u0131 a\u00e7\u0131klamada; kurum ve UNRWA\u2019n\u0131n Cuma ve Cumartesi g\u00fcnlerinde silahl\u0131 ter\u00f6r \u00f6rg\u00fctlerince &hellip;<\/p>\n","protected":false},"author":1,"featured_media":26479,"comment_status":"closed","ping_status":"closed","sticky":false,"template":"","format":"standard","meta":{"footnotes":""},"categories":[526,479,525,478],"tags":[13074,13075],"class_list":["post-27915","post","type-post","status-publish","format-standard","has-post-thumbnail","","category-haber-ve-raporlar","category-haberler-yerel","category-toplum","category-yerel","tag-yermuk-ahalisine-798-gida-paketi-dagitildi-52-hasta-durumu-cikarildi-sam-suriye-hukumetinin-destegi-ile-filistinli-ve-arap-multecilere-yardim-yuksek-komisyonu-ve-filistinlileri-calistirma-aj","tag-yermuk-semtinde-silahli-teror-orgutleri-tarafindan-ablukasi-altinda-kalan-ahaliye-yardimlar-dagitmayi-surdurdu"],"_links":{"self":[{"href":"https:\/\/archive.sana.sy\/tr\/index.php?rest_route=\/wp\/v2\/posts\/27915","targetHints":{"allow":["GET"]}}],"collection":[{"href":"https:\/\/archive.sana.sy\/tr\/index.php?rest_route=\/wp\/v2\/posts"}],"about":[{"href":"https:\/\/archive.sana.sy\/tr\/index.php?rest_route=\/wp\/v2\/types\/post"}],"author":[{"embeddable":true,"href":"https:\/\/archive.sana.sy\/tr\/index.php?rest_route=\/wp\/v2\/users\/1"}],"replies":[{"embeddable":true,"href":"https:\/\/archive.sana.sy\/tr\/index.php?rest_route=%2Fwp%2Fv2%2Fcomments&post=27915"}],"version-history":[{"count":0,"href":"https:\/\/archive.sana.sy\/tr\/index.php?rest_route=\/wp\/v2\/posts\/27915\/revisions"}],"wp:featuredmedia":[{"embeddable":true,"href":"https:\/\/archive.sana.sy\/tr\/index.php?rest_route=\/wp\/v2\/media\/26479"}],"wp:attachment":[{"href":"https:\/\/archive.sana.sy\/tr\/index.php?rest_route=%2Fwp%2Fv2%2Fmedia&parent=27915"}],"wp:term":[{"taxonomy":"category","embeddable":true,"href":"https:\/\/archive.sana.sy\/tr\/index.php?rest_route=%2Fwp%2Fv2%2Fcategories&post=27915"},{"taxonomy":"post_tag","embeddable":true,"href":"https:\/\/archive.sana.sy\/tr\/index.php?rest_route=%2Fwp%2Fv2%2Ftags&post=27915"}],"curies":[{"name":"wp","href":"https:\/\/api.w.org\/{rel}","templated":true}]}}