{"id":279300,"date":"2023-04-25T11:42:46","date_gmt":"2023-04-25T08:42:46","guid":{"rendered":"https:\/\/sana.sy\/tr\/?p=279300"},"modified":"2023-04-29T11:10:28","modified_gmt":"2023-04-29T08:10:28","slug":"haseke-kirsalinda-kara-mayinin-patlamasi-sonucu-3-cocuk-sehit-dustu-ikisi-yaralandi","status":"publish","type":"post","link":"https:\/\/archive.sana.sy\/tr\/?p=279300","title":{"rendered":"Haseke K\u0131rsal\u0131nda Kara May\u0131n\u0131n Patlamas\u0131 Sonucu 3 \u00c7ocuk \u015eehit D\u00fc\u015ft\u00fc, \u0130kisi de Yaraland\u0131"},"content":{"rendered":"<p><strong>HASEKE<\/strong> \u2013 Haseke kentinin kuzeyindeki Kasrek b\u00f6lgesinde Amerikan i\u015fgal g\u00fc\u00e7leri taraf\u0131ndan \u00fcss\u00fcn \u00e7evresine yerle\u015ftirilen kara may\u0131n\u0131n, Tel Temir beldesi \u00e7evresinde patlat\u0131lmas\u0131 sonucu 3 \u00e7ocuk \u015fehit d\u00fc\u015ft\u00fc, ikisi de yaraland\u0131.<\/p>\n<p>Yerel kaynaklar SANA muhabirine, Amerikan i\u015fgal g\u00fc\u00e7lerinin Haseke k\u0131rsal\u0131ndaki Tel Tamir&#8217;\u0131n 20 km do\u011fusundaki Kasrek b\u00f6lgesindeki \u00fcss\u00fcn\u00fc g\u00fc\u00e7lendirmek i\u00e7in yerle\u015ftirdi\u011fi bir kara may\u0131n\u0131n\u0131n, b\u00f6lgede in\u015faat i\u00e7in bazalt ta\u015flar\u0131 toplayan bir grup \u00e7ocukla birlikte patlad\u0131\u011f\u0131n\u0131 belirtti.<\/p>\n<p>Kaynaklar ayr\u0131ca, patlaman\u0131n do\u011frudan iki k\u0131z \u00e7ocu\u011funun \u015fehit d\u00fc\u015fmesine yol a\u00e7t\u0131\u011f\u0131n\u0131, di\u011ferlerinin Tel Tamir Hastanesine sevk edildi\u011fini, daha sonra \u00fc\u00e7\u00fcnc\u00fc bir \u00e7ocu\u011fun a\u011f\u0131r yaralanma sonucu ya\u015fam\u0131n\u0131 yitirdi\u011fini, di\u011fer iki \u00e7ocu\u011fun ise durumunun a\u011f\u0131r oldu\u011funu kaydetti.<\/p>\n<p><a href=\"https:\/\/t.me\/SuriyeArapHaberAjansI\">Telegram Kanal\u0131m\u0131z\u00a0<\/a><\/p>\n<p><a href=\"https:\/\/www.facebook.com\/SANAHaberAjansi\/\">Facebook Sayfam\u0131z<\/a><\/p>\n","protected":false},"excerpt":{"rendered":"<p>HASEKE \u2013 Haseke kentinin kuzeyindeki Kasrek b\u00f6lgesinde Amerikan i\u015fgal g\u00fc\u00e7leri taraf\u0131ndan \u00fcss\u00fcn \u00e7evresine yerle\u015ftirilen kara may\u0131n\u0131n, Tel Temir beldesi \u00e7evresinde patlat\u0131lmas\u0131 sonucu 3 \u00e7ocuk \u015fehit d\u00fc\u015ft\u00fc, ikisi de yaraland\u0131. Yerel kaynaklar SANA muhabirine, Amerikan i\u015fgal g\u00fc\u00e7lerinin Haseke k\u0131rsal\u0131ndaki Tel Tamir&#8217;\u0131n 20 km do\u011fusundaki Kasrek b\u00f6lgesindeki \u00fcss\u00fcn\u00fc g\u00fc\u00e7lendirmek i\u00e7in yerle\u015ftirdi\u011fi bir kara may\u0131n\u0131n\u0131n, b\u00f6lgede in\u015faat i\u00e7in &hellip;<\/p>\n","protected":false},"author":39,"featured_media":279301,"comment_status":"closed","ping_status":"closed","sticky":false,"template":"","format":"standard","meta":{"footnotes":""},"categories":[479,575,17988,478],"tags":[],"class_list":["post-279300","post","type-post","status-publish","format-standard","has-post-thumbnail","","category-haberler-yerel","category-olaylar-ve-gercekler","category-son-haberler","category-yerel"],"_links":{"self":[{"href":"https:\/\/archive.sana.sy\/tr\/index.php?rest_route=\/wp\/v2\/posts\/279300","targetHints":{"allow":["GET"]}}],"collection":[{"href":"https:\/\/archive.sana.sy\/tr\/index.php?rest_route=\/wp\/v2\/posts"}],"about":[{"href":"https:\/\/archive.sana.sy\/tr\/index.php?rest_route=\/wp\/v2\/types\/post"}],"author":[{"embeddable":true,"href":"https:\/\/archive.sana.sy\/tr\/index.php?rest_route=\/wp\/v2\/users\/39"}],"replies":[{"embeddable":true,"href":"https:\/\/archive.sana.sy\/tr\/index.php?rest_route=%2Fwp%2Fv2%2Fcomments&post=279300"}],"version-history":[{"count":0,"href":"https:\/\/archive.sana.sy\/tr\/index.php?rest_route=\/wp\/v2\/posts\/279300\/revisions"}],"wp:featuredmedia":[{"embeddable":true,"href":"https:\/\/archive.sana.sy\/tr\/index.php?rest_route=\/wp\/v2\/media\/279301"}],"wp:attachment":[{"href":"https:\/\/archive.sana.sy\/tr\/index.php?rest_route=%2Fwp%2Fv2%2Fmedia&parent=279300"}],"wp:term":[{"taxonomy":"category","embeddable":true,"href":"https:\/\/archive.sana.sy\/tr\/index.php?rest_route=%2Fwp%2Fv2%2Fcategories&post=279300"},{"taxonomy":"post_tag","embeddable":true,"href":"https:\/\/archive.sana.sy\/tr\/index.php?rest_route=%2Fwp%2Fv2%2Ftags&post=279300"}],"curies":[{"name":"wp","href":"https:\/\/api.w.org\/{rel}","templated":true}]}}