{"id":279304,"date":"2023-04-25T11:41:40","date_gmt":"2023-04-25T08:41:40","guid":{"rendered":"https:\/\/sana.sy\/tr\/?p=279304"},"modified":"2023-04-26T13:32:03","modified_gmt":"2023-04-26T10:32:03","slug":"rusya-suriyedeki-depremzedelere-yardim-tasiyan-yeni-ucagi-gonderdi","status":"publish","type":"post","link":"https:\/\/archive.sana.sy\/tr\/?p=279304","title":{"rendered":"Rusya, Suriye&#8217;deki Depremzedelere Yard\u0131m Ta\u015f\u0131yan Yeni U\u00e7a\u011f\u0131 G\u00f6nderdi"},"content":{"rendered":"<p><strong>MOSKOVA<\/strong> \u2013 Rusya Acil Durumlar Bakanl\u0131\u011f\u0131, Suriye&#8217;deki depremden etkilenenlere bug\u00fcn 17,8 ton insani yard\u0131m ta\u015f\u0131yan yeni bir u\u00e7a\u011f\u0131 g\u00f6nderdi.<\/p>\n<p>Moskova&#8217;daki Suriye b\u00fcy\u00fckel\u00e7ili\u011fi, &#8220;B\u00fcy\u00fckel\u00e7ilik taraf\u0131ndan toplan\u0131p tasnif edilen bu sevkiyat, Suriye toplumu ve dost Rus halk\u0131 taraf\u0131ndan sa\u011fland\u0131&#8221; dedi.<\/p>\n<p><a href=\"https:\/\/t.me\/SuriyeArapHaberAjansI\">Telegram Kanal\u0131m\u0131z\u00a0<\/a><\/p>\n<p><a href=\"https:\/\/www.facebook.com\/SANAHaberAjansi\/\">Facebook Sayfam\u0131z<\/a><\/p>\n","protected":false},"excerpt":{"rendered":"<p>MOSKOVA \u2013 Rusya Acil Durumlar Bakanl\u0131\u011f\u0131, Suriye&#8217;deki depremden etkilenenlere bug\u00fcn 17,8 ton insani yard\u0131m ta\u015f\u0131yan yeni bir u\u00e7a\u011f\u0131 g\u00f6nderdi. Moskova&#8217;daki Suriye b\u00fcy\u00fckel\u00e7ili\u011fi, &#8220;B\u00fcy\u00fckel\u00e7ilik taraf\u0131ndan toplan\u0131p tasnif edilen bu sevkiyat, Suriye toplumu ve dost Rus halk\u0131 taraf\u0131ndan sa\u011fland\u0131&#8221; dedi. Telegram Kanal\u0131m\u0131z\u00a0 Facebook Sayfam\u0131z<\/p>\n","protected":false},"author":39,"featured_media":279305,"comment_status":"closed","ping_status":"closed","sticky":false,"template":"","format":"standard","meta":{"footnotes":""},"categories":[458,459,17988],"tags":[],"class_list":["post-279304","post","type-post","status-publish","format-standard","has-post-thumbnail","","category-dunya1","category-haberler-arap-uluslararasi-politika","category-son-haberler"],"_links":{"self":[{"href":"https:\/\/archive.sana.sy\/tr\/index.php?rest_route=\/wp\/v2\/posts\/279304","targetHints":{"allow":["GET"]}}],"collection":[{"href":"https:\/\/archive.sana.sy\/tr\/index.php?rest_route=\/wp\/v2\/posts"}],"about":[{"href":"https:\/\/archive.sana.sy\/tr\/index.php?rest_route=\/wp\/v2\/types\/post"}],"author":[{"embeddable":true,"href":"https:\/\/archive.sana.sy\/tr\/index.php?rest_route=\/wp\/v2\/users\/39"}],"replies":[{"embeddable":true,"href":"https:\/\/archive.sana.sy\/tr\/index.php?rest_route=%2Fwp%2Fv2%2Fcomments&post=279304"}],"version-history":[{"count":0,"href":"https:\/\/archive.sana.sy\/tr\/index.php?rest_route=\/wp\/v2\/posts\/279304\/revisions"}],"wp:featuredmedia":[{"embeddable":true,"href":"https:\/\/archive.sana.sy\/tr\/index.php?rest_route=\/wp\/v2\/media\/279305"}],"wp:attachment":[{"href":"https:\/\/archive.sana.sy\/tr\/index.php?rest_route=%2Fwp%2Fv2%2Fmedia&parent=279304"}],"wp:term":[{"taxonomy":"category","embeddable":true,"href":"https:\/\/archive.sana.sy\/tr\/index.php?rest_route=%2Fwp%2Fv2%2Fcategories&post=279304"},{"taxonomy":"post_tag","embeddable":true,"href":"https:\/\/archive.sana.sy\/tr\/index.php?rest_route=%2Fwp%2Fv2%2Ftags&post=279304"}],"curies":[{"name":"wp","href":"https:\/\/api.w.org\/{rel}","templated":true}]}}