{"id":279318,"date":"2023-04-25T14:32:34","date_gmt":"2023-04-25T11:32:34","guid":{"rendered":"http:\/\/sana.sy\/tr\/?p=279318"},"modified":"2023-04-26T13:32:59","modified_gmt":"2023-04-26T10:32:59","slug":"arnus-depremin-etkileriyle-basa-cikmak-icin-ulusal-eylem-plani-kapsamli-ve-temel-insan-ihtiyaclarini-karsiliyor","status":"publish","type":"post","link":"https:\/\/archive.sana.sy\/tr\/?p=279318","title":{"rendered":"Bakanlar Kurulu, Depremin Etkileriyle M\u00fccadele \u0130\u00e7in Ulusal Eylem Plan\u0131n\u0131 Onaylad\u0131"},"content":{"rendered":"<p><strong>\u015eAM<\/strong> \u2013 Bakanlar Kurulu bug\u00fcn, H\u00fcseyin Arnus ba\u015fkanl\u0131\u011f\u0131ndaki haftal\u0131k oturumunda, t\u00fcm devlet kurumlar\u0131n\u0131n \u00e7abalar\u0131n\u0131 birle\u015ftirmeyi ama\u00e7layan depremin etkilerini t\u00fcm y\u00f6nleriyle ele alan h\u00fck\u00fcmet politikas\u0131n\u0131n temel y\u00f6nergelerini onaylad\u0131.<\/p>\n<p><img loading=\"lazy\" decoding=\"async\" class=\"size-full wp-image-279338 alignright\" src=\"http:\/\/sana.sy\/tr\/wp-content\/uploads\/2023\/04\/DHS08079-copy-300x150-1.jpg\" alt=\"\" width=\"300\" height=\"150\" \/>Bakanl\u0131k kurulu ayr\u0131ca, etkilenen b\u00f6lgelerin normal ya\u015famlar\u0131na geri d\u00f6nmelerine, kentsel ger\u00e7ekli\u011fi iyile\u015ftirmelerine ve depremin yans\u0131malar\u0131yla sistematik olarak ba\u015fa \u00e7\u0131kabilmeleri i\u00e7in uygun ortam\u0131 sa\u011flamaya odaklanan, depremin yans\u0131malar\u0131yla ba\u015fa \u00e7\u0131kmak i\u00e7in ulusal eylem plan\u0131n\u0131 da onaylad\u0131.<\/p>\n<p>Arnus, prosed\u00fcrlerin sistematik olarak belgelenmesi ve \u00e7er\u00e7evelendirilmesinin yan\u0131 s\u0131ra, politikan\u0131n depremin yans\u0131malar\u0131na yan\u0131t vermek ve olu\u015fturulan eylem plan\u0131n\u0131n uygulanmas\u0131nda t\u00fcm taraflar\u0131n \u00e7abalar\u0131n\u0131 koordine etmek i\u00e7in net standartlar ve kavramlar belirledi\u011fini vurgularken, performans\u0131n etkinli\u011fini ve uygulama kalitesini \u00f6l\u00e7mek i\u00e7in g\u00f6stergelere ek olarak, her a\u015fama i\u00e7in net bir eylem plan\u0131 ve bir uygulama program\u0131 tan\u0131mlamaya i\u015faret etti.<\/p>\n<p>Kurulu, D\u0131\u015fi\u015fleri ve Gurbet\u00e7iler Bakan\u0131 Faysal Mikad&#8217;\u0131n, Bakanl\u0131\u011f\u0131n Sudan&#8217;daki Suriye toplumunun g\u00fcvenli\u011fini sa\u011flamaya y\u00f6nelik prosed\u00fcrleri ve \u00e7abalar\u0131 hakk\u0131nda yapt\u0131\u011f\u0131 sunumu dinledi.<\/p>\n<p>R.M.<\/p>\n<p><a href=\"https:\/\/t.me\/SuriyeArapHaberAjansI\">Telegram Kanal\u0131m\u0131z\u00a0<\/a><\/p>\n<p><a href=\"https:\/\/www.facebook.com\/SANAHaberAjansi\/\">Facebook Sayfam\u0131z<\/a><\/p>\n","protected":false},"excerpt":{"rendered":"<p>\u015eAM \u2013 Bakanlar Kurulu bug\u00fcn, H\u00fcseyin Arnus ba\u015fkanl\u0131\u011f\u0131ndaki haftal\u0131k oturumunda, t\u00fcm devlet kurumlar\u0131n\u0131n \u00e7abalar\u0131n\u0131 birle\u015ftirmeyi ama\u00e7layan depremin etkilerini t\u00fcm y\u00f6nleriyle ele alan h\u00fck\u00fcmet politikas\u0131n\u0131n temel y\u00f6nergelerini onaylad\u0131. Bakanl\u0131k kurulu ayr\u0131ca, etkilenen b\u00f6lgelerin normal ya\u015famlar\u0131na geri d\u00f6nmelerine, kentsel ger\u00e7ekli\u011fi iyile\u015ftirmelerine ve depremin yans\u0131malar\u0131yla sistematik olarak ba\u015fa \u00e7\u0131kabilmeleri i\u00e7in uygun ortam\u0131 sa\u011flamaya odaklanan, depremin yans\u0131malar\u0131yla ba\u015fa \u00e7\u0131kmak &hellip;<\/p>\n","protected":false},"author":41,"featured_media":279319,"comment_status":"closed","ping_status":"closed","sticky":false,"template":"","format":"standard","meta":{"footnotes":""},"categories":[479,17988,478],"tags":[],"class_list":["post-279318","post","type-post","status-publish","format-standard","has-post-thumbnail","","category-haberler-yerel","category-son-haberler","category-yerel"],"_links":{"self":[{"href":"https:\/\/archive.sana.sy\/tr\/index.php?rest_route=\/wp\/v2\/posts\/279318","targetHints":{"allow":["GET"]}}],"collection":[{"href":"https:\/\/archive.sana.sy\/tr\/index.php?rest_route=\/wp\/v2\/posts"}],"about":[{"href":"https:\/\/archive.sana.sy\/tr\/index.php?rest_route=\/wp\/v2\/types\/post"}],"author":[{"embeddable":true,"href":"https:\/\/archive.sana.sy\/tr\/index.php?rest_route=\/wp\/v2\/users\/41"}],"replies":[{"embeddable":true,"href":"https:\/\/archive.sana.sy\/tr\/index.php?rest_route=%2Fwp%2Fv2%2Fcomments&post=279318"}],"version-history":[{"count":0,"href":"https:\/\/archive.sana.sy\/tr\/index.php?rest_route=\/wp\/v2\/posts\/279318\/revisions"}],"wp:featuredmedia":[{"embeddable":true,"href":"https:\/\/archive.sana.sy\/tr\/index.php?rest_route=\/wp\/v2\/media\/279319"}],"wp:attachment":[{"href":"https:\/\/archive.sana.sy\/tr\/index.php?rest_route=%2Fwp%2Fv2%2Fmedia&parent=279318"}],"wp:term":[{"taxonomy":"category","embeddable":true,"href":"https:\/\/archive.sana.sy\/tr\/index.php?rest_route=%2Fwp%2Fv2%2Fcategories&post=279318"},{"taxonomy":"post_tag","embeddable":true,"href":"https:\/\/archive.sana.sy\/tr\/index.php?rest_route=%2Fwp%2Fv2%2Ftags&post=279318"}],"curies":[{"name":"wp","href":"https:\/\/api.w.org\/{rel}","templated":true}]}}