{"id":279325,"date":"2023-04-25T15:00:26","date_gmt":"2023-04-25T12:00:26","guid":{"rendered":"http:\/\/sana.sy\/tr\/?p=279325"},"modified":"2023-04-27T08:26:49","modified_gmt":"2023-04-27T05:26:49","slug":"suriye-abnin-kendisine-karsi-yasadisi-tek-tarafli-zorlayici-yaptirimlari-guclendirmeye-yonelik-yeni-kararini-en-guclu-ifadelerle-kinadi","status":"publish","type":"post","link":"https:\/\/archive.sana.sy\/tr\/?p=279325","title":{"rendered":"Suriye, AB&#8217;nin Kendisine Kar\u015f\u0131 Yasad\u0131\u015f\u0131 Tek Tarafl\u0131 Zorlay\u0131c\u0131 Yapt\u0131r\u0131mlar\u0131 G\u00fc\u00e7lendirmeye Y\u00f6nelik Yeni Karar\u0131n\u0131 En G\u00fc\u00e7l\u00fc \u0130fadelerle K\u0131nad\u0131"},"content":{"rendered":"<p><strong>\u015eAM<\/strong> &#8211; Suriye, sistematik d\u00fc\u015fmanl\u0131k politikas\u0131 ve Suriye&#8217;ye kar\u015f\u0131 sava\u015fta tam ortakl\u0131\u011f\u0131 \u00e7er\u00e7evesinde, Avrupa Birli\u011fi&#8217;nin kendisine kar\u015f\u0131 yasad\u0131\u015f\u0131 tek tarafl\u0131 zorlay\u0131c\u0131 \u00f6nlemleri g\u00fc\u00e7lendirmeye y\u00f6nelik yeni karar\u0131n\u0131 en g\u00fc\u00e7l\u00fc terimlerle k\u0131nad\u0131.<\/p>\n<p>D\u0131\u015fi\u015fleri ve Gurbet\u00e7iler Bakanl\u0131\u011f\u0131&#8217;ndaki resmi bir kaynak bug\u00fcn SANA&#8217;ya, \u2018\u2019Avrupa Birli\u011fi, Suriye&#8217;ye uygulanan yapt\u0131r\u0131mlar\u0131n insani yard\u0131m sa\u011flanmas\u0131n\u0131 veya g\u0131da ve t\u0131bbi ekipmana eri\u015fimi engellemedi\u011fini iddia ederken yalan\u0131n\u0131 tekrarl\u0131yor. Bu, politikalar\u0131n\u0131n Suriyelilerin ya\u015famlar\u0131 ve ge\u00e7im kaynaklar\u0131 i\u00e7in ciddi bir tehdit olu\u015fturmas\u0131na ve \u00fclke ekonomisine olumsuz yans\u0131mas\u0131na neden oluyor. Avrupa Birli\u011fi&#8217;nin \u00f6v\u00fcnd\u00fc\u011f\u00fc istisnalar\u0131n hi\u00e7bir etkisi yoktur. Daha \u00e7ok medya propagandas\u0131 yapmak ve Suriye&#8217;ye y\u00f6nelik politikalar\u0131n\u0131n ger\u00e7eklerini gizlemek i\u00e7indir.\u2019\u2019 dedi.<\/p>\n<p>Kaynak ayrca, \u2018\u2019Yanl\u0131\u015f bilgilendirme ve as\u0131ls\u0131z iddia kampanyas\u0131n\u0131n devam etmesi ve Birli\u011fin Suriye&#8217;de istikrar\u0131n sa\u011flamla\u015ft\u0131r\u0131lmas\u0131n\u0131 engellemeye y\u00f6nelik sald\u0131rgan tutumlar\u0131, zaman\u0131 geri d\u00f6nd\u00fcremeyecek veya Suriye&#8217;nin sald\u0131rganl\u0131k sayfas\u0131n\u0131 kapatma \u00e7abalar\u0131n\u0131 etkileyemeyecek.\u2019\u2019 ifadelerini kulland\u0131.<\/p>\n<p>&nbsp;<\/p>\n<p>&nbsp;<\/p>\n<p>R.M.<\/p>\n<p><a href=\"https:\/\/t.me\/SuriyeArapHaberAjansI\">Telegram Kanal\u0131m\u0131z\u00a0<\/a><\/p>\n<p><a href=\"https:\/\/www.facebook.com\/SANAHaberAjansi\/\">Facebook Sayfam\u0131z<\/a><\/p>\n","protected":false},"excerpt":{"rendered":"<p>\u015eAM &#8211; Suriye, sistematik d\u00fc\u015fmanl\u0131k politikas\u0131 ve Suriye&#8217;ye kar\u015f\u0131 sava\u015fta tam ortakl\u0131\u011f\u0131 \u00e7er\u00e7evesinde, Avrupa Birli\u011fi&#8217;nin kendisine kar\u015f\u0131 yasad\u0131\u015f\u0131 tek tarafl\u0131 zorlay\u0131c\u0131 \u00f6nlemleri g\u00fc\u00e7lendirmeye y\u00f6nelik yeni karar\u0131n\u0131 en g\u00fc\u00e7l\u00fc terimlerle k\u0131nad\u0131. D\u0131\u015fi\u015fleri ve Gurbet\u00e7iler Bakanl\u0131\u011f\u0131&#8217;ndaki resmi bir kaynak bug\u00fcn SANA&#8217;ya, \u2018\u2019Avrupa Birli\u011fi, Suriye&#8217;ye uygulanan yapt\u0131r\u0131mlar\u0131n insani yard\u0131m sa\u011flanmas\u0131n\u0131 veya g\u0131da ve t\u0131bbi ekipmana eri\u015fimi engellemedi\u011fini iddia &hellip;<\/p>\n","protected":false},"author":41,"featured_media":279326,"comment_status":"closed","ping_status":"closed","sticky":false,"template":"","format":"standard","meta":{"footnotes":""},"categories":[479,17988,478],"tags":[],"class_list":["post-279325","post","type-post","status-publish","format-standard","has-post-thumbnail","","category-haberler-yerel","category-son-haberler","category-yerel"],"_links":{"self":[{"href":"https:\/\/archive.sana.sy\/tr\/index.php?rest_route=\/wp\/v2\/posts\/279325","targetHints":{"allow":["GET"]}}],"collection":[{"href":"https:\/\/archive.sana.sy\/tr\/index.php?rest_route=\/wp\/v2\/posts"}],"about":[{"href":"https:\/\/archive.sana.sy\/tr\/index.php?rest_route=\/wp\/v2\/types\/post"}],"author":[{"embeddable":true,"href":"https:\/\/archive.sana.sy\/tr\/index.php?rest_route=\/wp\/v2\/users\/41"}],"replies":[{"embeddable":true,"href":"https:\/\/archive.sana.sy\/tr\/index.php?rest_route=%2Fwp%2Fv2%2Fcomments&post=279325"}],"version-history":[{"count":0,"href":"https:\/\/archive.sana.sy\/tr\/index.php?rest_route=\/wp\/v2\/posts\/279325\/revisions"}],"wp:featuredmedia":[{"embeddable":true,"href":"https:\/\/archive.sana.sy\/tr\/index.php?rest_route=\/wp\/v2\/media\/279326"}],"wp:attachment":[{"href":"https:\/\/archive.sana.sy\/tr\/index.php?rest_route=%2Fwp%2Fv2%2Fmedia&parent=279325"}],"wp:term":[{"taxonomy":"category","embeddable":true,"href":"https:\/\/archive.sana.sy\/tr\/index.php?rest_route=%2Fwp%2Fv2%2Fcategories&post=279325"},{"taxonomy":"post_tag","embeddable":true,"href":"https:\/\/archive.sana.sy\/tr\/index.php?rest_route=%2Fwp%2Fv2%2Ftags&post=279325"}],"curies":[{"name":"wp","href":"https:\/\/api.w.org\/{rel}","templated":true}]}}