{"id":279328,"date":"2023-04-25T11:37:10","date_gmt":"2023-04-25T08:37:10","guid":{"rendered":"http:\/\/sana.sy\/tr\/?p=279328"},"modified":"2023-04-26T13:31:56","modified_gmt":"2023-04-26T10:31:56","slug":"biden-2024teki-abd-baskanlik-secimleri-icin-adayligini-resmen-acikladi","status":"publish","type":"post","link":"https:\/\/archive.sana.sy\/tr\/?p=279328","title":{"rendered":"Biden, 2024&#8217;teki ABD Ba\u015fkanl\u0131k Se\u00e7imleri \u0130\u00e7in Adayl\u0131\u011f\u0131n\u0131 Resmen A\u00e7\u0131klad\u0131"},"content":{"rendered":"<p><strong>WASH\u0130NGTON<\/strong> &#8211; Bug\u00fcn ABD Ba\u015fkan\u0131 Joe Biden, 2024&#8217;te yap\u0131lmas\u0131 planlanan ABD ba\u015fkanl\u0131k se\u00e7imleri i\u00e7in adayl\u0131\u011f\u0131n\u0131 resmen a\u00e7\u0131klad\u0131.<\/p>\n<p>AFP, Biden&#8217;\u0131n Twitter&#8217;da,\u00a0&#8220;Her neslin demokrasi i\u00e7in aya\u011fa kalkmas\u0131 ve temel \u00f6zg\u00fcrl\u00fckleri i\u00e7in aya\u011fa kalkmas\u0131 gereken bir an\u0131 vard\u0131r ve bence bu bizim an\u0131m\u0131z ve bu y\u00fczden Amerika Birle\u015fik Devletleri Ba\u015fkan\u0131 olarak yeniden se\u00e7ilmek i\u00e7in yar\u0131\u015f\u0131yorum.&#8221; dedi\u011fini aktard\u0131.<\/p>\n<p>R.M.<\/p>\n<p><a href=\"https:\/\/t.me\/SuriyeArapHaberAjansI\">Telegram Kanal\u0131m\u0131z\u00a0<\/a><\/p>\n<p><a href=\"https:\/\/www.facebook.com\/SANAHaberAjansi\/\">Facebook Sayfam\u0131z<\/a><\/p>\n<p>&nbsp;<\/p>\n","protected":false},"excerpt":{"rendered":"<p>WASH\u0130NGTON &#8211; Bug\u00fcn ABD Ba\u015fkan\u0131 Joe Biden, 2024&#8217;te yap\u0131lmas\u0131 planlanan ABD ba\u015fkanl\u0131k se\u00e7imleri i\u00e7in adayl\u0131\u011f\u0131n\u0131 resmen a\u00e7\u0131klad\u0131. AFP, Biden&#8217;\u0131n Twitter&#8217;da,\u00a0&#8220;Her neslin demokrasi i\u00e7in aya\u011fa kalkmas\u0131 ve temel \u00f6zg\u00fcrl\u00fckleri i\u00e7in aya\u011fa kalkmas\u0131 gereken bir an\u0131 vard\u0131r ve bence bu bizim an\u0131m\u0131z ve bu y\u00fczden Amerika Birle\u015fik Devletleri Ba\u015fkan\u0131 olarak yeniden se\u00e7ilmek i\u00e7in yar\u0131\u015f\u0131yorum.&#8221; dedi\u011fini aktard\u0131. R.M. &hellip;<\/p>\n","protected":false},"author":41,"featured_media":279329,"comment_status":"closed","ping_status":"closed","sticky":false,"template":"","format":"standard","meta":{"footnotes":""},"categories":[458,459,17988],"tags":[],"class_list":["post-279328","post","type-post","status-publish","format-standard","has-post-thumbnail","","category-dunya1","category-haberler-arap-uluslararasi-politika","category-son-haberler"],"_links":{"self":[{"href":"https:\/\/archive.sana.sy\/tr\/index.php?rest_route=\/wp\/v2\/posts\/279328","targetHints":{"allow":["GET"]}}],"collection":[{"href":"https:\/\/archive.sana.sy\/tr\/index.php?rest_route=\/wp\/v2\/posts"}],"about":[{"href":"https:\/\/archive.sana.sy\/tr\/index.php?rest_route=\/wp\/v2\/types\/post"}],"author":[{"embeddable":true,"href":"https:\/\/archive.sana.sy\/tr\/index.php?rest_route=\/wp\/v2\/users\/41"}],"replies":[{"embeddable":true,"href":"https:\/\/archive.sana.sy\/tr\/index.php?rest_route=%2Fwp%2Fv2%2Fcomments&post=279328"}],"version-history":[{"count":0,"href":"https:\/\/archive.sana.sy\/tr\/index.php?rest_route=\/wp\/v2\/posts\/279328\/revisions"}],"wp:featuredmedia":[{"embeddable":true,"href":"https:\/\/archive.sana.sy\/tr\/index.php?rest_route=\/wp\/v2\/media\/279329"}],"wp:attachment":[{"href":"https:\/\/archive.sana.sy\/tr\/index.php?rest_route=%2Fwp%2Fv2%2Fmedia&parent=279328"}],"wp:term":[{"taxonomy":"category","embeddable":true,"href":"https:\/\/archive.sana.sy\/tr\/index.php?rest_route=%2Fwp%2Fv2%2Fcategories&post=279328"},{"taxonomy":"post_tag","embeddable":true,"href":"https:\/\/archive.sana.sy\/tr\/index.php?rest_route=%2Fwp%2Fv2%2Ftags&post=279328"}],"curies":[{"name":"wp","href":"https:\/\/api.w.org\/{rel}","templated":true}]}}