{"id":279350,"date":"2023-04-25T14:46:15","date_gmt":"2023-04-25T11:46:15","guid":{"rendered":"http:\/\/sana.sy\/tr\/?p=279350"},"modified":"2023-04-26T13:33:04","modified_gmt":"2023-04-26T10:33:04","slug":"rsb-645-ukrayna-askeri-olduruldu-15-iha-imha-edildi","status":"publish","type":"post","link":"https:\/\/archive.sana.sy\/tr\/?p=279350","title":{"rendered":"RSB: 645 Ukrayna askeri \u00d6ld\u00fcr\u00fcld\u00fc, 15 \u0130HA \u0130mha Edildi"},"content":{"rendered":"<p><strong>MOSKOVA<\/strong>-Rusya Savunma Bakanl\u0131\u011f\u0131, d\u00fcnk\u00fc muharebe operasyonlar\u0131nda g\u00fc\u00e7lerinin 645 Ukrayna askerini imha etti\u011fini, 15 insans\u0131z hava arac\u0131n\u0131 d\u00fc\u015f\u00fcrd\u00fc\u011f\u00fcn\u00fc ve Ukrayna kuvvetlerine ait \u00e7ok say\u0131da askeri te\u00e7hizat\u0131 imha etti\u011fini <img loading=\"lazy\" decoding=\"async\" class=\"size-full wp-image-279352 alignright\" src=\"http:\/\/sana.sy\/tr\/wp-content\/uploads\/2023\/04\/3-57-300x169-1.jpg\" alt=\"\" width=\"300\" height=\"169\" \/>a\u00e7\u0131klad\u0131.<\/p>\n<p>Bakanl\u0131\u011f\u0131n \u00f6zel askeri operasyonun ilerlemesine ili\u015fkin g\u00fcnl\u00fck raporunda,<\/p>\n<p><span style=\"color: #0000ff;\"><strong>Kobyansk ekseni y\u00f6n\u00fcnde:<\/strong><\/span><\/p>\n<p>Rus hava sald\u0131r\u0131lar\u0131 ve top\u00e7ular\u0131, Ukrayna personelinin ve askeri te\u00e7hizat\u0131n yo\u011funla\u015fma noktalar\u0131n\u0131 vurdu ve Luhansk Halk Cumhuriyeti ile Harkov b\u00f6lgesindeki 4 sabotaj ve ke\u015fif grubunun eylemleri p\u00fcsk\u00fcrt\u00fcld\u00fc.<\/p>\n<p>Bu eksende d\u00fc\u015fman kay\u0131plar\u0131 65 askere ula\u015ft\u0131.<\/p>\n<p><img loading=\"lazy\" decoding=\"async\" class=\"size-full wp-image-279353 alignright\" src=\"http:\/\/sana.sy\/tr\/wp-content\/uploads\/2023\/04\/222222.jpg\" alt=\"\" width=\"300\" height=\"169\" \/>Harkov b\u00f6lgesindeki Ternovaya k\u00f6y\u00fc yak\u0131nlar\u0131nda Ukrayna kuvvetlerine ait 67. Mekanize Tugay&#8217;a ait m\u00fchimmat deposunun imha edilmesinin yan\u0131 s\u0131ra iki muharebe z\u0131rhl\u0131 arac\u0131 ve bir kamyonet imha edildi.<\/p>\n<p><span style=\"color: #0000ff;\"><strong>Krasnolyman ekseni y\u00f6n\u00fcnde:<\/strong><\/span><\/p>\n<p>Donetsk ve Luhansk Halk Cumhuriyetlerinde Rus top\u00e7u ate\u015fi ve a\u011f\u0131r alev silah sistemleri, d\u00fc\u015fman\u0131n kar\u015f\u0131 sald\u0131r\u0131s\u0131n\u0131 engelledi.<\/p>\n<p>80&#8217;den fazla Ukrayna askeri \u00f6ld\u00fcr\u00fcld\u00fc, iki piyade z\u0131rhl\u0131 arac\u0131 ve bir D-20 ob\u00fcs\u00fc imha edildi.<\/p>\n<p><span style=\"color: #0000ff;\"><strong>Donetsk ekseni y\u00f6n\u00fcnde:<\/strong><\/span><\/p>\n<p>Rus kuvvetleri, Artemovsk \u015fehrinin bat\u0131 kesiminde Ukrayna kuvvetlerine ait birimleri imha etti ve d\u00fc\u015fman\u0131n <img loading=\"lazy\" decoding=\"async\" class=\"size-full wp-image-279354 alignright\" src=\"http:\/\/sana.sy\/tr\/wp-content\/uploads\/2023\/04\/345-300x169-1.jpg\" alt=\"\" width=\"300\" height=\"169\" \/>rezervleri buraya aktarma giri\u015fimlerini engelledi.<\/p>\n<p>Donetsk Halk Cumhuriyeti&#8217;nin Bogdanova, Red ve Stopochki k\u00f6ylerindeki Ukrayna kuvvetlerinin birimlerine kar\u015f\u0131 sald\u0131r\u0131 ba\u015flatmak i\u00e7in ilerleyen d\u00fc\u015fman saflar\u0131na kay\u0131plar verdirdi.<\/p>\n<p>D\u00fc\u015fman\u0131n bu eksendeki kay\u0131plar\u0131 360&#8217;tan fazla Ukraynal\u0131 asker ve paral\u0131 asker oldu ve 7 piyade sava\u015f z\u0131rhl\u0131 arac\u0131, 8 sava\u015f z\u0131rhl\u0131 arac\u0131, 7 ara\u00e7, bir ob\u00fcs (D20) ve bir top\u00e7u (Gvozdica) imha edildi.<\/p>\n<p><span style=\"color: #0000ff;\"><strong>Donetsk ve Zaporozhye&#8217;nin g\u00fcneyinde eksenel y\u00f6nde:<\/strong><\/span><\/p>\n<p>Rus hava sald\u0131r\u0131lar\u0131 ve top\u00e7u ate\u015fi sonucunda 120 asker, Ukrayna kuvvetlerine ait bir z\u0131rhl\u0131 sava\u015f arac\u0131, 9 ara\u00e7, bir D-20 ob\u00fcs ve bir Msta B ile bir Akatsia kunda\u011f\u0131 motorlu top imha edildi.<\/p>\n<p><strong><img loading=\"lazy\" decoding=\"async\" class=\"size-full wp-image-279355 alignright\" src=\"http:\/\/sana.sy\/tr\/wp-content\/uploads\/2023\/04\/2-30-300x169-1.jpg\" alt=\"\" width=\"300\" height=\"169\" \/><span style=\"color: #0000ff;\">Herson y\u00f6n\u00fcnde:<\/span><\/strong><\/p>\n<p>Rus kuvvetleri 20 kadar Ukrayna askerini saf d\u0131\u015f\u0131 b\u0131rakt\u0131 ve Amerikan yap\u0131m\u0131 bir M777 top\u00e7u sistemini imha etti.<\/p>\n<p>bakanl\u0131k a\u00e7\u0131klamas\u0131na g\u00f6re, Rus &#8220;Sela&#8221; grubunun operasyonel ve taktiksel havac\u0131l\u0131k, f\u00fcze ve top\u00e7u kuvvetleri, 124 il\u00e7edeki at\u0131\u015f mevzilerinde 98 top\u00e7u birli\u011fine hasar verdi ve Ukrayna S-300 hava savunma sistemine ait bir radar istasyonu imha edildi.<\/p>\n<p>Rus hava savunma sistemleri ayr\u0131ca Harkov ve Herson b\u00f6lgeleri ile Lugansk ve Donetsk Halk Cumhuriyetlerinde 15 Ukrayna \u0130HA&#8217;s\u0131n\u0131 imha etti.<\/p>\n<p>&nbsp;<\/p>\n<p>R.M.<\/p>\n<p><a href=\"https:\/\/t.me\/SuriyeArapHaberAjansI\">Telegram Kanal\u0131m\u0131z\u00a0<\/a><\/p>\n<p><a href=\"https:\/\/www.facebook.com\/SANAHaberAjansi\/\">Facebook Sayfam\u0131z<\/a><\/p>\n","protected":false},"excerpt":{"rendered":"<p>MOSKOVA-Rusya Savunma Bakanl\u0131\u011f\u0131, d\u00fcnk\u00fc muharebe operasyonlar\u0131nda g\u00fc\u00e7lerinin 645 Ukrayna askerini imha etti\u011fini, 15 insans\u0131z hava arac\u0131n\u0131 d\u00fc\u015f\u00fcrd\u00fc\u011f\u00fcn\u00fc ve Ukrayna kuvvetlerine ait \u00e7ok say\u0131da askeri te\u00e7hizat\u0131 imha etti\u011fini a\u00e7\u0131klad\u0131. Bakanl\u0131\u011f\u0131n \u00f6zel askeri operasyonun ilerlemesine ili\u015fkin g\u00fcnl\u00fck raporunda, Kobyansk ekseni y\u00f6n\u00fcnde: Rus hava sald\u0131r\u0131lar\u0131 ve top\u00e7ular\u0131, Ukrayna personelinin ve askeri te\u00e7hizat\u0131n yo\u011funla\u015fma noktalar\u0131n\u0131 vurdu ve Luhansk Halk &hellip;<\/p>\n","protected":false},"author":41,"featured_media":279351,"comment_status":"closed","ping_status":"closed","sticky":false,"template":"","format":"standard","meta":{"footnotes":""},"categories":[458,459,17988],"tags":[],"class_list":["post-279350","post","type-post","status-publish","format-standard","has-post-thumbnail","","category-dunya1","category-haberler-arap-uluslararasi-politika","category-son-haberler"],"_links":{"self":[{"href":"https:\/\/archive.sana.sy\/tr\/index.php?rest_route=\/wp\/v2\/posts\/279350","targetHints":{"allow":["GET"]}}],"collection":[{"href":"https:\/\/archive.sana.sy\/tr\/index.php?rest_route=\/wp\/v2\/posts"}],"about":[{"href":"https:\/\/archive.sana.sy\/tr\/index.php?rest_route=\/wp\/v2\/types\/post"}],"author":[{"embeddable":true,"href":"https:\/\/archive.sana.sy\/tr\/index.php?rest_route=\/wp\/v2\/users\/41"}],"replies":[{"embeddable":true,"href":"https:\/\/archive.sana.sy\/tr\/index.php?rest_route=%2Fwp%2Fv2%2Fcomments&post=279350"}],"version-history":[{"count":0,"href":"https:\/\/archive.sana.sy\/tr\/index.php?rest_route=\/wp\/v2\/posts\/279350\/revisions"}],"wp:featuredmedia":[{"embeddable":true,"href":"https:\/\/archive.sana.sy\/tr\/index.php?rest_route=\/wp\/v2\/media\/279351"}],"wp:attachment":[{"href":"https:\/\/archive.sana.sy\/tr\/index.php?rest_route=%2Fwp%2Fv2%2Fmedia&parent=279350"}],"wp:term":[{"taxonomy":"category","embeddable":true,"href":"https:\/\/archive.sana.sy\/tr\/index.php?rest_route=%2Fwp%2Fv2%2Fcategories&post=279350"},{"taxonomy":"post_tag","embeddable":true,"href":"https:\/\/archive.sana.sy\/tr\/index.php?rest_route=%2Fwp%2Fv2%2Ftags&post=279350"}],"curies":[{"name":"wp","href":"https:\/\/api.w.org\/{rel}","templated":true}]}}