{"id":279404,"date":"2023-04-24T12:34:29","date_gmt":"2023-04-24T09:34:29","guid":{"rendered":"https:\/\/sana.sy\/tr\/?p=279404"},"modified":"2023-04-26T12:35:22","modified_gmt":"2023-04-26T09:35:22","slug":"ermeni-soykiriminin-108-yildonumu-anisina-ermeni-ortodokslari-icin-aziz-sarkis-kilisesinde-ilahi-ayin-2","status":"publish","type":"post","link":"https:\/\/archive.sana.sy\/tr\/?p=279404","title":{"rendered":"Ermeni Soyk\u0131r\u0131m\u0131&#8217;n\u0131n 108. Y\u0131ld\u00f6n\u00fcm\u00fc An\u0131s\u0131na Ermeni Ortodokslar\u0131 i\u00e7in Aziz Sarkis Kilisesi&#8217;nde \u0130lahi Ayin"},"content":{"rendered":"<p>Ermeni Soyk\u0131r\u0131m\u0131&#8217;n\u0131n 108. Y\u0131ld\u00f6n\u00fcm\u00fc An\u0131s\u0131na Ermeni Ortodokslar\u0131 i\u00e7in Aziz Sarkis Kilisesi&#8217;nde \u0130lahi Ayin<\/p>\n<p><iframe loading=\"lazy\" title=\"\u0642\u062f\u0627\u0633 \u0625\u0644\u0647\u064a \u0641\u064a \u0643\u0646\u064a\u0633\u0629 \u0627\u0644\u0642\u062f\u064a\u0633 \u0633\u0631\u0643\u064a\u0633 \u0644\u0644\u0623\u0631\u0645\u0646 \u0627\u0644\u0623\u0631\u062b\u0648\u0630\u0643\u0633 \u0625\u062d\u064a\u0627\u0621\u064b \u0644\u0644\u0630\u0643\u0631\u0649 \u0627\u0644\u062b\u0627\u0645\u0646\u0629 \u0628\u0639\u062f \u0627\u0644\u0645\u0626\u0629 \u0644\u0644\u0625\u0628\u0627\u062f\u0629 \u0627\u0644\u0623\u0631\u0645\u0646\u064a\u0629\" src=\"https:\/\/www.youtube.com\/embed\/HDsIcC9-ltc\" width=\"620\" height=\"348\" frameborder=\"0\" allowfullscreen=\"allowfullscreen\"><\/iframe><\/p>\n","protected":false},"excerpt":{"rendered":"<p>Ermeni Soyk\u0131r\u0131m\u0131&#8217;n\u0131n 108. Y\u0131ld\u00f6n\u00fcm\u00fc An\u0131s\u0131na Ermeni Ortodokslar\u0131 i\u00e7in Aziz Sarkis Kilisesi&#8217;nde \u0130lahi Ayin<\/p>\n","protected":false},"author":39,"featured_media":279405,"comment_status":"closed","ping_status":"closed","sticky":false,"template":"","format":"standard","meta":{"footnotes":""},"categories":[18295],"tags":[],"class_list":["post-279404","post","type-post","status-publish","format-standard","has-post-thumbnail","","category-sana-video"],"_links":{"self":[{"href":"https:\/\/archive.sana.sy\/tr\/index.php?rest_route=\/wp\/v2\/posts\/279404","targetHints":{"allow":["GET"]}}],"collection":[{"href":"https:\/\/archive.sana.sy\/tr\/index.php?rest_route=\/wp\/v2\/posts"}],"about":[{"href":"https:\/\/archive.sana.sy\/tr\/index.php?rest_route=\/wp\/v2\/types\/post"}],"author":[{"embeddable":true,"href":"https:\/\/archive.sana.sy\/tr\/index.php?rest_route=\/wp\/v2\/users\/39"}],"replies":[{"embeddable":true,"href":"https:\/\/archive.sana.sy\/tr\/index.php?rest_route=%2Fwp%2Fv2%2Fcomments&post=279404"}],"version-history":[{"count":0,"href":"https:\/\/archive.sana.sy\/tr\/index.php?rest_route=\/wp\/v2\/posts\/279404\/revisions"}],"wp:featuredmedia":[{"embeddable":true,"href":"https:\/\/archive.sana.sy\/tr\/index.php?rest_route=\/wp\/v2\/media\/279405"}],"wp:attachment":[{"href":"https:\/\/archive.sana.sy\/tr\/index.php?rest_route=%2Fwp%2Fv2%2Fmedia&parent=279404"}],"wp:term":[{"taxonomy":"category","embeddable":true,"href":"https:\/\/archive.sana.sy\/tr\/index.php?rest_route=%2Fwp%2Fv2%2Fcategories&post=279404"},{"taxonomy":"post_tag","embeddable":true,"href":"https:\/\/archive.sana.sy\/tr\/index.php?rest_route=%2Fwp%2Fv2%2Ftags&post=279404"}],"curies":[{"name":"wp","href":"https:\/\/api.w.org\/{rel}","templated":true}]}}