{"id":279419,"date":"2023-04-25T15:14:34","date_gmt":"2023-04-25T12:14:34","guid":{"rendered":"http:\/\/sana.sy\/tr\/?p=279419"},"modified":"2023-04-27T08:26:52","modified_gmt":"2023-04-27T05:26:52","slug":"mikdad-israil-isgalinin-isgal-edilen-filistindeki-suclari-isgal-edilen-suriye-golandaki-saldirilarindan-ayrilamaz","status":"publish","type":"post","link":"https:\/\/archive.sana.sy\/tr\/?p=279419","title":{"rendered":"Mikdad: \u0130srail i\u015fgalinin \u0130\u015fgal Edilen Filistin&#8217;deki Su\u00e7lar\u0131, \u0130\u015fgal Edilen \u00a0Suriye Golan&#8217;daki Sald\u0131rganl\u0131\u011f\u0131ndan Ayr\u0131lamaz"},"content":{"rendered":"<p><strong>NEW YORK<\/strong>&#8211; D\u0131\u015fi\u015fleri ve Gurbet\u00e7iler Bakan\u0131 Faysal Mikdad, \u0130srail i\u015fgalinin i\u015fgal alt\u0131ndaki Filistin topraklar\u0131ndaki su\u00e7lar\u0131n\u0131n, i\u015fgal alt\u0131ndaki Suriye Golan&#8217;daki uygulamalar\u0131ndan ayr\u0131lamaz oldu\u011funu vurgulayarak, araf\u0131n tekrarlanan krizlerinin, ba\u015far\u0131s\u0131z liderlerini, g\u00fc\u00e7 yasas\u0131 ve orman yasas\u0131 yakla\u015f\u0131m\u0131na ba\u011fl\u0131l\u0131kla Filistin halk\u0131na ve Suriye topraklar\u0131na sald\u0131r\u0131lar d\u00fczenleyerek bu krizleri ihra\u00e7 etmeye itti\u011fine i\u015faret etti.<\/p>\n<p>Mikdad, bug\u00fcn Suriye&#8217;nin daimi temsilcisi B\u00fcy\u00fckel\u00e7i Bassam Sabbagh ad\u0131na yap\u0131lan BM G\u00fcvenlik Konseyi bakanlar toplant\u0131s\u0131 \u00f6ncesinde yapt\u0131\u011f\u0131 a\u00e7\u0131klamada, \u2018\u2019Her y\u0131l Ramazan ay\u0131, \u0130srail&#8217;in Filistin halk\u0131na kar\u015f\u0131 artan su\u00e7 ve sald\u0131rgan uygulamalar\u0131na tan\u0131k oluyor. G\u00fcvenlik Konseyi&#8217;nin parma\u011f\u0131n\u0131 k\u0131p\u0131rdatmadan bu insanl\u0131\u011fa kar\u015f\u0131 su\u00e7lara tan\u0131k olmas\u0131 talihsizliktir.\u2019\u2019 dedi.<\/p>\n<p>Mikdad, bu t\u0131rman\u0131\u015ftan ve sonu\u00e7lar\u0131ndan \u0130srail&#8217;i destekleyen \u00fclkelerin sorumlu oldu\u011funu belirterek, Birle\u015fmi\u015f Milletleri bu ihlalleri k\u0131namaya, durdurmaya ve tekrarlanmamas\u0131n\u0131 sa\u011flamaya ve i\u015fgalci g\u00fc\u00e7 \u201c\u0130srail\u201di uluslararas\u0131 me\u015fruiyet kararlar\u0131n\u0131 uygulamaya zorlamaya davet etti.<\/p>\n<p>i\u015fgalci g\u00fc\u00e7 \u201c\u0130srail\u201din Filistin halk\u0131n\u0131n ya\u015fad\u0131\u011f\u0131 dram\u0131n devam etmesinin tek sebebi oldu\u011funa ve halen de \u00f6yle oldu\u011funa dikkat \u00e7eken Mikdad, Birle\u015fmi\u015f Milletler Filistinli M\u00fcltecilere Yard\u0131m ve \u00c7al\u0131\u015fma Ajans\u0131 \u201cUNRWA\u201dn\u0131n \u00e7al\u0131\u015fmalar\u0131na devam edilmesinin ve m\u00fcltecilere verdi\u011fi deste\u011fin, \u00f6zellikle \u0130srail&#8217;in Filistin topraklar\u0131n\u0131 i\u015fgalinin devam etmesi \u0131\u015f\u0131\u011f\u0131nda vazge\u00e7ilmez oldu\u011funu yeniden vurgulad\u0131.<\/p>\n<p>Mikdad ayr\u0131ca, UNRWA&#8217;n\u0131n g\u00f6revini yerine getirmeye devam etmesi ve b\u00fct\u00e7esi i\u00e7in Birle\u015fmi\u015f Milletler&#8217;den gerekli finansman\u0131 ve don\u00f6r \u00fclkelerden gelen ba\u011f\u0131\u015flar\u0131 yeterli ve s\u00fcrd\u00fcr\u00fclebilir bir \u015fekilde sa\u011flamas\u0131 gerekti\u011fine i\u015faret ederken, El Mikdad, \u0130srail i\u015fgalinin i\u015fgal alt\u0131ndaki Filistin topraklar\u0131ndaki su\u00e7lar\u0131n\u0131n, 1967&#8217;den bu yana i\u015fgal alt\u0131ndaki Suriye Golan&#8217;daki uygulamalar\u0131ndan ayr\u0131lamaz oldu\u011funu kaydetti.<\/p>\n<p>D\u0131\u015fi\u015fleri ve Gurbet\u00e7iler Bakan\u0131, \u0130srail i\u015fgal g\u00fc\u00e7lerinin i\u015fgal alt\u0131ndaki Golan&#8217;\u0131 Suriye topraklar\u0131na tekrarlanan sald\u0131r\u0131lar ba\u015flatmak i\u00e7in bir platform olarak kulland\u0131\u011f\u0131n\u0131 belirterek, \u2018\u2019Ge\u00e7en Mart ay\u0131n\u0131n 22&#8217;sinde, Halep Uluslararas\u0131 Sivil Havaliman\u0131&#8217;n\u0131 yeniden hedef almas\u0131, hizmet d\u0131\u015f\u0131 kalmas\u0131na ve Birle\u015fmi\u015f Milletler hava ta\u015f\u0131mac\u0131l\u0131\u011f\u0131 hizmetlerinin ve depremden etkilenen vilayetlerde etkilenenlere insani yard\u0131m ula\u015ft\u0131r\u0131lmas\u0131n\u0131n ask\u0131ya al\u0131nmas\u0131na yol a\u00e7t\u0131.\u2019\u2019 ifadelerini kulland\u0131.<\/p>\n<p>Mikdad, b\u00f6lgeyi kapsaml\u0131 bir t\u0131rman\u0131\u015fa ve yeni bir g\u00fcvensizlik ve istikrars\u0131zl\u0131k a\u015famas\u0131na iten bu sald\u0131rgan politikalar\u0131n tehlikelerine ili\u015fkin Suriye&#8217;nin &#8220;\u0130srail&#8221;e ve destek\u00e7ilerine yapt\u0131\u011f\u0131 uyar\u0131y\u0131 yineleyerek, G\u00fcvenlik Konseyi&#8217;ne, \u0130srail&#8217;in Arap topraklar\u0131 \u00fczerindeki i\u015fgalini sona erdirmek ve G\u00fcvenlik Konseyi Kararlar\u0131 242 ve 338 ve Karar 497 ba\u015fta olmak \u00fczere \u00a0ilgili Birle\u015fmi\u015f Milletler kararlar\u0131n\u0131 uygulamak i\u00e7in acilen sessizli\u011fini b\u0131rakmas\u0131 ve sorumluluklar\u0131n\u0131 \u00fcstlenmesi \u00e7a\u011fr\u0131s\u0131nda bulunuldu.<\/p>\n<p>&nbsp;<\/p>\n<p>Bakan Mikdad, Ortado\u011fu&#8217;daki durumla ilgili bu \u00f6nemli oturumu d\u00fczenledikleri i\u00e7in G\u00fcvenlik Konseyi&#8217;nin bu ayki Ba\u015fkan\u0131 Rusya&#8217;ya ve D\u0131\u015fi\u015fleri Bakan\u0131 Sergey Lavrov&#8217;a te\u015fekk\u00fcrlerini iletirken, Moskova&#8217;n\u0131n pozisyonlar\u0131n\u0131n her zaman s\u00f6m\u00fcrgecilik ve adaletsizlikten muzdarip insanlar\u0131n yan\u0131nda oldu\u011funu belirtti.<\/p>\n<p>&nbsp;<\/p>\n<p>Mikdad, Avrupa Birli\u011fi delegasyonunun Ortado\u011fu&#8217;daki duruma ili\u015fkin oturumu, oturumun konusuyla ilgili olmayan Suriye&#8217;deki durumla ilgili konular\u0131 g\u00fcndeme getirmek i\u00e7in istismar etmesini de k\u0131nad\u0131.<\/p>\n<p>&nbsp;<\/p>\n<p>&nbsp;<\/p>\n<p>&nbsp;<\/p>\n<p>&nbsp;<\/p>\n<p>&nbsp;<\/p>\n<p>&nbsp;<\/p>\n<p>&nbsp;<\/p>\n<p>&nbsp;<\/p>\n<p>&nbsp;<\/p>\n<p>&nbsp;<\/p>\n","protected":false},"excerpt":{"rendered":"<p>NEW YORK&#8211; D\u0131\u015fi\u015fleri ve Gurbet\u00e7iler Bakan\u0131 Faysal Mikdad, \u0130srail i\u015fgalinin i\u015fgal alt\u0131ndaki Filistin topraklar\u0131ndaki su\u00e7lar\u0131n\u0131n, i\u015fgal alt\u0131ndaki Suriye Golan&#8217;daki uygulamalar\u0131ndan ayr\u0131lamaz oldu\u011funu vurgulayarak, araf\u0131n tekrarlanan krizlerinin, ba\u015far\u0131s\u0131z liderlerini, g\u00fc\u00e7 yasas\u0131 ve orman yasas\u0131 yakla\u015f\u0131m\u0131na ba\u011fl\u0131l\u0131kla Filistin halk\u0131na ve Suriye topraklar\u0131na sald\u0131r\u0131lar d\u00fczenleyerek bu krizleri ihra\u00e7 etmeye itti\u011fine i\u015faret etti. Mikdad, bug\u00fcn Suriye&#8217;nin daimi temsilcisi B\u00fcy\u00fckel\u00e7i &hellip;<\/p>\n","protected":false},"author":41,"featured_media":279420,"comment_status":"closed","ping_status":"closed","sticky":false,"template":"","format":"standard","meta":{"footnotes":""},"categories":[458,459,17988],"tags":[],"class_list":["post-279419","post","type-post","status-publish","format-standard","has-post-thumbnail","","category-dunya1","category-haberler-arap-uluslararasi-politika","category-son-haberler"],"_links":{"self":[{"href":"https:\/\/archive.sana.sy\/tr\/index.php?rest_route=\/wp\/v2\/posts\/279419","targetHints":{"allow":["GET"]}}],"collection":[{"href":"https:\/\/archive.sana.sy\/tr\/index.php?rest_route=\/wp\/v2\/posts"}],"about":[{"href":"https:\/\/archive.sana.sy\/tr\/index.php?rest_route=\/wp\/v2\/types\/post"}],"author":[{"embeddable":true,"href":"https:\/\/archive.sana.sy\/tr\/index.php?rest_route=\/wp\/v2\/users\/41"}],"replies":[{"embeddable":true,"href":"https:\/\/archive.sana.sy\/tr\/index.php?rest_route=%2Fwp%2Fv2%2Fcomments&post=279419"}],"version-history":[{"count":0,"href":"https:\/\/archive.sana.sy\/tr\/index.php?rest_route=\/wp\/v2\/posts\/279419\/revisions"}],"wp:featuredmedia":[{"embeddable":true,"href":"https:\/\/archive.sana.sy\/tr\/index.php?rest_route=\/wp\/v2\/media\/279420"}],"wp:attachment":[{"href":"https:\/\/archive.sana.sy\/tr\/index.php?rest_route=%2Fwp%2Fv2%2Fmedia&parent=279419"}],"wp:term":[{"taxonomy":"category","embeddable":true,"href":"https:\/\/archive.sana.sy\/tr\/index.php?rest_route=%2Fwp%2Fv2%2Fcategories&post=279419"},{"taxonomy":"post_tag","embeddable":true,"href":"https:\/\/archive.sana.sy\/tr\/index.php?rest_route=%2Fwp%2Fv2%2Ftags&post=279419"}],"curies":[{"name":"wp","href":"https:\/\/api.w.org\/{rel}","templated":true}]}}