{"id":27944,"date":"2015-03-29T16:30:57","date_gmt":"2015-03-29T13:30:57","guid":{"rendered":"http:\/\/www.sana.sy\/tr\/?p=27944"},"modified":"2015-03-30T13:06:41","modified_gmt":"2015-03-30T10:06:41","slug":"radikal-ve-hain-teroristlerin-beseri-kayiplari-artiyor","status":"publish","type":"post","link":"https:\/\/archive.sana.sy\/tr\/?p=27944","title":{"rendered":"Radikal ve Hain Ter\u00f6ristlerin Be\u015feri Kay\u0131plar\u0131 Art\u0131yor"},"content":{"rendered":"<p>\u0130LLER \u2013 T\u00fcrkiye&#8217;deki ihvanc\u0131 rejim ba\u015fta olmak \u00fczere b\u00f6lgesel ve evrensel devletlerin muhtelif t\u00fcr destekleriyle masum insanlara kar\u015f\u0131 ter\u00f6r estiren \u00e7etelerin kahraman ordu birliklerimizin a\u011f\u0131r darbeleri alt\u0131nda b\u00fcy\u00fck kay\u0131plar\u0131 devam ediyor.<\/p>\n<p><span style=\"color: #0000ff\">Halep K\u0131rsal\u0131nda Nusra Cephesi \u00c7at\u0131s\u0131 Alt\u0131ndaki Ter\u00f6ristler A\u011f\u0131r Be\u015feri Kay\u0131plara U\u011frat\u0131ld\u0131<\/span><\/p>\n<p>Ordu birliklerimiz ihvanc\u0131 Erdo\u011fan rejiminin deste\u011fiyle T\u00fcrkiye s\u0131n\u0131r\u0131 \u00fczerinden Halep k\u0131rsal\u0131na g\u00f6nderdi\u011fi ve Kaide \u00d6rg\u00fct\u00fcn\u00fcn Suriye kolu olan Nusra Cephesi \u00e7at\u0131s\u0131 alt\u0131ndaki tekfiri ter\u00f6r \u00f6rg\u00fctlerinin h\u00fccrelerine y\u00f6nelik yo\u011fun operasyonlar\u0131n\u0131 s\u00fcrd\u00fcr\u00fcyor.<\/p>\n<p>Askeri kaynak birliklerimizin T\u00fcrkiye topraklar\u0131na giden uluslararas\u0131 yol \u00fczerinde Zerba K\u00f6y\u00fcnde ter\u00f6ristlere ait ara\u00e7 ve\u00a0 karargahlar\u0131 muhtevalar\u0131yla imha ettiklerini aktard\u0131.<\/p>\n<p>Kaynak birliklerimizin Halep k\u0131rsal\u0131n\u0131n g\u00fcneydo\u011fusu \u015eeyh L\u00fctf\u00fc K\u00f6y\u00fcnde d\u00fczenledi\u011fi ba\u015far\u0131l\u0131 operasyon sonucunda ter\u00f6r \u00f6rg\u00fctleri saflar\u0131nda bir\u00e7ok ter\u00f6risti \u00f6l\u00fc ve yaral\u0131 d\u00fc\u015f\u00fcrd\u00fcklerini, silah ve cephanelerini de imha ettiklerini belirtti.<\/p>\n<p>Halep\u2019in kuzeybat\u0131 k\u0131rsal\u0131nda ise ordu birliklerimiz askeri kayna\u011f\u0131n bildirdi\u011fine g\u00f6re, ihvanc\u0131 Erdo\u011fan rejimi destekli ter\u00f6rist \u00f6rg\u00fctlere y\u00f6nelik Kefar Hamra Beldesinde tekfiri ter\u00f6ristleri a\u011f\u0131r be\u015feri ve askeri kay\u0131plara u\u011fratt\u0131.<\/p>\n<p><span style=\"color: #0000ff\">Dera K\u0131rsal\u0131nda K\u00f6ye Sald\u0131ran Ter\u00f6ristler A\u011f\u0131r Kay\u0131plara U\u011frat\u0131ld\u0131<\/span><\/p>\n<p>\u00d6te yandan ordu birliklerimiz Dera k\u0131rsal\u0131n\u0131n Kayta K\u00f6y\u00fcnde \u0130srail ve \u00fcrd\u00fcn\u2019\u00fcn deste\u011fi ile k\u00f6y ahalisine sald\u0131ran ter\u00f6ristlerle s\u0131cak temasa girdi. Sald\u0131rganlar\u0131 b\u00fcy\u00fck be\u015feri kay\u0131plara u\u011fratan ordu birliklerimiz kulland\u0131klar\u0131 ara\u00e7 ve a\u011f\u0131r silahlar\u0131 da imha etti.<\/p>\n<p>Dera k\u0131rsal\u0131n\u0131n kuzeyinde Etmen Beldesinin kuzeybat\u0131s\u0131nda \u00e7ok say\u0131da ter\u00f6risti ta\u015f\u0131yan bir arac\u0131 imha eden ordu birliklerimiz ara\u00e7taki t\u00fcm ter\u00f6ristleri silahlar\u0131yla birlikte etkisizle\u015ftirdi.<\/p>\n<p>Ordu birliklerimiz Dera k\u0131rsal\u0131n\u0131n do\u011fusunda ise Kerk Beldesinde siyonist \u0130srail&#8217;den destek alan \u00e7ok say\u0131da ter\u00f6risti \u00f6l\u00fc yaral\u0131 d\u00fc\u015f\u00fcrd\u00fc.<\/p>\n<p>Ter\u00f6r \u00e7eteleri medya ara\u00e7lar\u0131nda ordu birliklerimiz ile \u00e7at\u0131\u015fmalarda aralar\u0131nda tehlikeli ve saha komutanlar\u0131n\u0131n bulundu\u011fu \u00e7ok say\u0131da ter\u00f6ristin \u00f6ld\u00fc\u011f\u00fcn\u00fc itiraf ederken, \u00e7at\u0131\u015fmalarda yaralanmalar\u0131 ard\u0131ndan \u00dcrd\u00fcn hastanelerinde tedavi g\u00f6ren kimi ter\u00f6ristlerin de \u00f6ld\u00fcklerini aktard\u0131.<\/p>\n<p><span style=\"color: #0000ff\">Kunaytra K\u0131rsal\u0131nda Nusra Cephesine A\u011f\u0131r Darbe \u0130ndirildi<\/span><\/p>\n<p>Ordu birliklerimiz devlet kurumlar\u0131n\u0131, altyap\u0131 ve hizmet \u015febekelerini sabote etme amac\u0131yla \u00dcrd\u00fcn\u2019de istihbarat operasyon odalar\u0131ndan lojistik, silah ve maddi destek alan Nusra Cephesi ve di\u011fer ter\u00f6r \u00f6rg\u00fctlere y\u00f6nelik nitelikli operasyonlar\u0131n\u0131 s\u00fcrd\u00fcrd\u00fc.<\/p>\n<p>Askeri kaynak SANA\u2019ya a\u00e7\u0131klamas\u0131nda ordu birliklerimizin Kunaytra k\u0131rsal\u0131n\u0131n bat\u0131s\u0131 Hmeydiye K\u00f6y\u00fc, el Ravadi ve H\u00fcrriyet okulu bat\u0131s\u0131nda Vahhabi \u00c2l Suud ile Katar\u2019daki \u00c2l Tani rejimlerinden finanse edilen, \u0130srail taraf\u0131ndan da desteklenen Nusra Cephesinin s\u00f6zde Fecr el \u0130slam Alay\u0131 ve el Furkan Alaylar\u0131 adl\u0131 ter\u00f6rist gruplar\u0131n toplanma merkezlerini imha ettiklerini aktard\u0131. Kaynak ba\u015far\u0131l\u0131 operasyonlar sonucunda \u00e7ok say\u0131da ter\u00f6ristin \u00f6ld\u00fcr\u00fcld\u00fc\u011f\u00fcn\u00fc s\u00f6yledi.<\/p>\n<p>Birliklerimizin Kunaytra\u2019n\u0131n kuzey k\u0131rsal\u0131ndaki Cebata el Ha\u015fab\u2019a yak\u0131n Taranca K\u00f6y\u00fcn\u00fcn kuzey cephesinde \u00e7ok say\u0131da ter\u00f6risti \u00f6ld\u00fcrd\u00fcklerini aktaran kaynak; ellerindeki silah ve cephaneyi de imha ettiklerini belirtti.<\/p>\n<p><span style=\"color: #0000ff\">Haseke K\u0131rsal\u0131nda I\u015e\u0130D\u2019in Mevkileri \u0130mha Edildi<\/span><\/p>\n<p>Bu arada ordu birliklerimiz Haseke k\u0131rsal\u0131n\u0131n bat\u0131s\u0131nda T\u00fcrkiye&#8217;deki Erdo\u011fan rejiminden destek alan ve saflar\u0131ndaki ter\u00f6ristlerin genelinin T\u00fcrkiye&#8217;den g\u00f6nderilen I\u015e\u0130D \u00f6rg\u00fct\u00fcn\u00fcn mevki ve karargahlar\u0131n\u0131 muhtevalar\u0131yla imha etti.<\/p>\n<p>Erdo\u011fan rejiminin destekleriyle Haseke k\u0131rsal\u0131nda masum halka kar\u015f\u0131 vah\u015fet ve ter\u00f6r estiren I\u015e\u0130D\u2019in S\u0131dd\u0131k Kav\u015fa\u011f\u0131, Rahaf Mezras\u0131 ve Tavk el Milh b\u00f6lgelerinde bir\u00e7ok mevkii ve k\u00fcmelenme yerleri imha edildi. Saha kaynaklar\u0131 operasyonlarda bir\u00e7o\u011fu yabanc\u0131 olan y\u00fcksek say\u0131da ter\u00f6ristin \u00f6ld\u00fcr\u00fcld\u00fc\u011f\u00fcn\u00fc, a\u011f\u0131r makineli silahlar\u0131n monte edildi\u011fi bir\u00e7ok arac\u0131n da imha edildi\u011fini aktard\u0131.<\/p>\n<p><span style=\"color: #0000ff\">Homs K\u0131rsal\u0131nda Sald\u0131rganlara Kar\u015f\u0131 Koyuldu<\/span><\/p>\n<p>Homs k\u0131rsal\u0131nda ise ordu birliklerimiz Nusra Cephesi, Homs Kolordusu, Ahrar el \u015eam \u0130slami Hareketi, Halit Bin Velit T\u00fcmeni ve Faruk taburlar\u0131 gibi radikal ter\u00f6r \u00e7etelerin ana karargahlar\u0131ndan biri say\u0131lan Resten B\u00f6lgesinde Hacir Taburu ad\u0131yla bilinen \u00e7etelerin bir ana karargah\u0131n\u0131 i\u00e7indeki t\u00fcm ter\u00f6ristler, cephane ve ara\u00e7larla birlikte imha etti.<\/p>\n<p>Homs k\u0131rsal\u0131n\u0131n kuzeyinde ise ordu birliklerimiz Kiysin \u2013 Burc Kai yolu \u00fczerinde y\u00fcksek say\u0131da ter\u00f6risti \u00f6l\u00fc ve yaral\u0131 d\u00fc\u015f\u00fcrmesine ilaveten ter\u00f6rist ve cephane ta\u015f\u0131yan bir arac\u0131 tamamen imha etti.<\/p>\n<p>Ordu birliklerimiz Homs k\u0131rsal\u0131n\u0131n do\u011fusunda ise Recm el Kasr K\u00f6y\u00fcnden Um Cami K\u00f6y\u00fc ahalisine sald\u0131ran ter\u00f6r \u00e7etelerle s\u0131cak temasa girerek sald\u0131rganlar\u0131n b\u00fcy\u00fck bir k\u0131sm\u0131n\u0131 \u00f6l\u00fc yaral\u0131 d\u00fc\u015f\u00fcrd\u00fc. \u00c7at\u0131\u015fmada ter\u00f6ristlere ait bir\u00e7ok ara\u00e7 ve a\u011f\u0131r silahlar\u0131n imha edildi\u011fi bildirildi.<\/p>\n<p>Homs k\u0131rsal\u0131n\u0131n Mesada, Recm el Ali, Ar\u015funa, Unk el hava, G\u00fcney M\u015feyrfa, Mezbel, Um Sahric, Resm el Arnab, Suhna ve Do\u011fu Sellam, b\u00f6lgelerinde \u00e7okuluslu ve vatan haini onlarca ter\u00f6risti \u00f6ld\u00fcren ordu birliklerimiz, \u00e7ok say\u0131da ara\u00e7 ve b\u00fcy\u00fck miktarda cephanelerini de imha etti.<\/p>\n<p>A.A. &#8211; S.\u015e.<\/p>\n","protected":false},"excerpt":{"rendered":"<p>\u0130LLER \u2013 T\u00fcrkiye&#8217;deki ihvanc\u0131 rejim ba\u015fta olmak \u00fczere b\u00f6lgesel ve evrensel devletlerin muhtelif t\u00fcr destekleriyle masum insanlara kar\u015f\u0131 ter\u00f6r estiren \u00e7etelerin kahraman ordu birliklerimizin a\u011f\u0131r darbeleri alt\u0131nda b\u00fcy\u00fck kay\u0131plar\u0131 devam ediyor. Halep K\u0131rsal\u0131nda Nusra Cephesi \u00c7at\u0131s\u0131 Alt\u0131ndaki Ter\u00f6ristler A\u011f\u0131r Be\u015feri Kay\u0131plara U\u011frat\u0131ld\u0131 Ordu birliklerimiz ihvanc\u0131 Erdo\u011fan rejiminin deste\u011fiyle T\u00fcrkiye s\u0131n\u0131r\u0131 \u00fczerinden Halep k\u0131rsal\u0131na g\u00f6nderdi\u011fi ve &hellip;<\/p>\n","protected":false},"author":1,"featured_media":27946,"comment_status":"closed","ping_status":"closed","sticky":false,"template":"","format":"standard","meta":{"footnotes":""},"categories":[575],"tags":[13077],"class_list":["post-27944","post","type-post","status-publish","format-standard","has-post-thumbnail","","category-olaylar-ve-gercekler","tag-radikal-ve-hain-teroristlerin-beseri-kayiplari-artiyor-iller-turkiyedeki-ihvanci-rejim-basta-olmak-uzere-bolgesel-ve-evrensel-devletlerin-muhtelif-tur-destekleriyle-masum-insanlara-karsi-te"],"_links":{"self":[{"href":"https:\/\/archive.sana.sy\/tr\/index.php?rest_route=\/wp\/v2\/posts\/27944","targetHints":{"allow":["GET"]}}],"collection":[{"href":"https:\/\/archive.sana.sy\/tr\/index.php?rest_route=\/wp\/v2\/posts"}],"about":[{"href":"https:\/\/archive.sana.sy\/tr\/index.php?rest_route=\/wp\/v2\/types\/post"}],"author":[{"embeddable":true,"href":"https:\/\/archive.sana.sy\/tr\/index.php?rest_route=\/wp\/v2\/users\/1"}],"replies":[{"embeddable":true,"href":"https:\/\/archive.sana.sy\/tr\/index.php?rest_route=%2Fwp%2Fv2%2Fcomments&post=27944"}],"version-history":[{"count":0,"href":"https:\/\/archive.sana.sy\/tr\/index.php?rest_route=\/wp\/v2\/posts\/27944\/revisions"}],"wp:featuredmedia":[{"embeddable":true,"href":"https:\/\/archive.sana.sy\/tr\/index.php?rest_route=\/wp\/v2\/media\/27946"}],"wp:attachment":[{"href":"https:\/\/archive.sana.sy\/tr\/index.php?rest_route=%2Fwp%2Fv2%2Fmedia&parent=27944"}],"wp:term":[{"taxonomy":"category","embeddable":true,"href":"https:\/\/archive.sana.sy\/tr\/index.php?rest_route=%2Fwp%2Fv2%2Fcategories&post=27944"},{"taxonomy":"post_tag","embeddable":true,"href":"https:\/\/archive.sana.sy\/tr\/index.php?rest_route=%2Fwp%2Fv2%2Ftags&post=27944"}],"curies":[{"name":"wp","href":"https:\/\/api.w.org\/{rel}","templated":true}]}}