{"id":279493,"date":"2023-04-27T13:54:36","date_gmt":"2023-04-27T10:54:36","guid":{"rendered":"http:\/\/sana.sy\/tr\/?p=279493"},"modified":"2023-04-28T14:32:03","modified_gmt":"2023-04-28T11:32:03","slug":"hasekede-dsg-milislerinin-ihlallerini-kinamak-icin-gosteri-duzenlendi","status":"publish","type":"post","link":"https:\/\/archive.sana.sy\/tr\/?p=279493","title":{"rendered":"Haseke&#8217;de, \u201cDSG\u201d Milislerinin \u0130hlallerini K\u0131namak \u0130\u00e7in G\u00f6steri D\u00fczenlendi"},"content":{"rendered":"<p>HASEKE \u2013 \u00d6\u011frenci grubu, Amerikan i\u015fgaliyle ba\u011flant\u0131l\u0131 \u201cDSG\u201d milislerinin kolej kamp\u00fcs\u00fcn\u00fc ihlal etmesini ve kolej dekan\u0131 Kusay El \u00d6mer\u2019i d\u00f6vmesini k\u0131namak i\u00e7in bug\u00fcn Haseke&#8217;deki Ziraat Koleji \u00f6n\u00fcnde oturma eylemi d\u00fczenledi.<\/p>\n<p><a href=\"https:\/\/t.me\/SuriyeArapHaberAjansI\">Telegram Kanal\u0131m\u0131z\u00a0<\/a><\/p>\n<p><a href=\"https:\/\/www.facebook.com\/SANAHaberAjansi\/\">Facebook Sayfam\u0131z<\/a><\/p>\n<div id='gallery-1' class='gallery galleryid-279493 gallery-columns-1 gallery-size-full'><figure class='gallery-item'>\n\t\t\t<div class='gallery-icon landscape'>\n\t\t\t\t<a href='https:\/\/archive.sana.sy\/tr\/wp-content\/uploads\/2023\/04\/2-30.jpg'><img loading=\"lazy\" decoding=\"async\" width=\"660\" height=\"402\" src=\"https:\/\/archive.sana.sy\/tr\/wp-content\/uploads\/2023\/04\/2-30.jpg\" class=\"attachment-full size-full\" alt=\"\" srcset=\"https:\/\/archive.sana.sy\/tr\/wp-content\/uploads\/2023\/04\/2-30.jpg 660w, https:\/\/archive.sana.sy\/tr\/wp-content\/uploads\/2023\/04\/2-30-300x183.jpg 300w\" sizes=\"auto, (max-width: 660px) 100vw, 660px\" \/><\/a>\n\t\t\t<\/div><\/figure>\n\t\t<\/div>\n\n","protected":false},"excerpt":{"rendered":"<p>HASEKE \u2013 \u00d6\u011frenci grubu, Amerikan i\u015fgaliyle ba\u011flant\u0131l\u0131 \u201cDSG\u201d milislerinin kolej kamp\u00fcs\u00fcn\u00fc ihlal etmesini ve kolej dekan\u0131 Kusay El \u00d6mer\u2019i d\u00f6vmesini k\u0131namak i\u00e7in bug\u00fcn Haseke&#8217;deki Ziraat Koleji \u00f6n\u00fcnde oturma eylemi d\u00fczenledi. Telegram Kanal\u0131m\u0131z\u00a0 Facebook Sayfam\u0131z<\/p>\n","protected":false},"author":36,"featured_media":279495,"comment_status":"closed","ping_status":"closed","sticky":false,"template":"","format":"standard","meta":{"footnotes":""},"categories":[596,479,575,17988,478],"tags":[],"class_list":["post-279493","post","type-post","status-publish","format-standard","has-post-thumbnail","","category-fotografli-raporlar","category-haberler-yerel","category-olaylar-ve-gercekler","category-son-haberler","category-yerel"],"_links":{"self":[{"href":"https:\/\/archive.sana.sy\/tr\/index.php?rest_route=\/wp\/v2\/posts\/279493","targetHints":{"allow":["GET"]}}],"collection":[{"href":"https:\/\/archive.sana.sy\/tr\/index.php?rest_route=\/wp\/v2\/posts"}],"about":[{"href":"https:\/\/archive.sana.sy\/tr\/index.php?rest_route=\/wp\/v2\/types\/post"}],"author":[{"embeddable":true,"href":"https:\/\/archive.sana.sy\/tr\/index.php?rest_route=\/wp\/v2\/users\/36"}],"replies":[{"embeddable":true,"href":"https:\/\/archive.sana.sy\/tr\/index.php?rest_route=%2Fwp%2Fv2%2Fcomments&post=279493"}],"version-history":[{"count":0,"href":"https:\/\/archive.sana.sy\/tr\/index.php?rest_route=\/wp\/v2\/posts\/279493\/revisions"}],"wp:featuredmedia":[{"embeddable":true,"href":"https:\/\/archive.sana.sy\/tr\/index.php?rest_route=\/wp\/v2\/media\/279495"}],"wp:attachment":[{"href":"https:\/\/archive.sana.sy\/tr\/index.php?rest_route=%2Fwp%2Fv2%2Fmedia&parent=279493"}],"wp:term":[{"taxonomy":"category","embeddable":true,"href":"https:\/\/archive.sana.sy\/tr\/index.php?rest_route=%2Fwp%2Fv2%2Fcategories&post=279493"},{"taxonomy":"post_tag","embeddable":true,"href":"https:\/\/archive.sana.sy\/tr\/index.php?rest_route=%2Fwp%2Fv2%2Ftags&post=279493"}],"curies":[{"name":"wp","href":"https:\/\/api.w.org\/{rel}","templated":true}]}}