{"id":279500,"date":"2023-04-27T18:10:17","date_gmt":"2023-04-27T15:10:17","guid":{"rendered":"http:\/\/sana.sy\/tr\/?p=279500"},"modified":"2023-04-28T14:32:58","modified_gmt":"2023-04-28T11:32:58","slug":"suriyenin-katilimiyla-surdurulebilir-tarim-icin-uluslararasi-fikri-mulkiyet-ve-kalkinma-konferansi-wipo-cenevrede-basladi","status":"publish","type":"post","link":"https:\/\/archive.sana.sy\/tr\/?p=279500","title":{"rendered":"Suriye&#8217;nin kat\u0131l\u0131m\u0131yla.. S\u00fcrd\u00fcr\u00fclebilir Tar\u0131m i\u00e7in Uluslararas\u0131 Fikri M\u00fclkiyet ve Kalk\u0131nma Konferans\u0131 (WIPO) Cenevre&#8217;de Ba\u015flad\u0131"},"content":{"rendered":"<p style=\"text-align: justify;\"><span style=\"color: #800000;\">CENEVRE<\/span> &#8211; Uluslararas\u0131 S\u00fcrd\u00fcr\u00fclebilir Tar\u0131m i\u00e7in Fikri M\u00fclkiyet ve Kalk\u0131nma Konferans\u0131 (WIPO) Suriye&#8217;nin kat\u0131l\u0131m\u0131yla \u0130svi\u00e7re&#8217;nin ba\u015fkenti Cenevre&#8217;de ba\u015flad\u0131.<\/p>\n<p style=\"text-align: justify;\">\u0130\u00e7 Ticaret ve T\u00fcketiciyi Koruma Bakan Yard\u0131mc\u0131s\u0131 Samer Susi, bakanl\u0131\u011f\u0131n Facebook sayfas\u0131nda, Suriye&#8217;deki fikri m\u00fclkiyet haklar\u0131n\u0131n kendilerine uygulanan haks\u0131z yapt\u0131r\u0131mlardan b\u00fcy\u00fck \u00f6l\u00e7\u00fcde etkilendi\u011fini belirtti.<\/p>\n<p style=\"text-align: justify;\">Susi, Amerikan i\u015fgal g\u00fc\u00e7lerinin, Suriyelilerin s\u00fcrd\u00fcr\u00fclebilir kalk\u0131nmas\u0131n\u0131n sa\u011flanmas\u0131 ve normal hayata d\u00f6nmesinin \u00f6n\u00fcnde b\u00fcy\u00fck bir engel te\u015fkil etti\u011fi d\u00fc\u015f\u00fcn\u00fclerek, g\u0131da sepetinin ve bu g\u00fc\u00e7lerin \u00e7ald\u0131\u011f\u0131 do\u011fal kaynaklar\u0131n geri verilmesini sa\u011flamak i\u00e7in, \u00e7ekilmesini talep etti.<\/p>\n<p><a href=\"https:\/\/t.me\/SuriyeArapHaberAjansI\">Telegram Kanal\u0131m\u0131z\u00a0<\/a><\/p>\n<p><a href=\"https:\/\/www.facebook.com\/SANAHaberAjansi\/\">Facebook Sayfam\u0131z<\/a><\/p>\n","protected":false},"excerpt":{"rendered":"<p>CENEVRE &#8211; Uluslararas\u0131 S\u00fcrd\u00fcr\u00fclebilir Tar\u0131m i\u00e7in Fikri M\u00fclkiyet ve Kalk\u0131nma Konferans\u0131 (WIPO) Suriye&#8217;nin kat\u0131l\u0131m\u0131yla \u0130svi\u00e7re&#8217;nin ba\u015fkenti Cenevre&#8217;de ba\u015flad\u0131. \u0130\u00e7 Ticaret ve T\u00fcketiciyi Koruma Bakan Yard\u0131mc\u0131s\u0131 Samer Susi, bakanl\u0131\u011f\u0131n Facebook sayfas\u0131nda, Suriye&#8217;deki fikri m\u00fclkiyet haklar\u0131n\u0131n kendilerine uygulanan haks\u0131z yapt\u0131r\u0131mlardan b\u00fcy\u00fck \u00f6l\u00e7\u00fcde etkilendi\u011fini belirtti. Susi, Amerikan i\u015fgal g\u00fc\u00e7lerinin, Suriyelilerin s\u00fcrd\u00fcr\u00fclebilir kalk\u0131nmas\u0131n\u0131n sa\u011flanmas\u0131 ve normal hayata d\u00f6nmesinin \u00f6n\u00fcnde &hellip;<\/p>\n","protected":false},"author":1,"featured_media":279501,"comment_status":"closed","ping_status":"closed","sticky":false,"template":"","format":"standard","meta":{"footnotes":""},"categories":[458,459,17988],"tags":[],"class_list":["post-279500","post","type-post","status-publish","format-standard","has-post-thumbnail","","category-dunya1","category-haberler-arap-uluslararasi-politika","category-son-haberler"],"_links":{"self":[{"href":"https:\/\/archive.sana.sy\/tr\/index.php?rest_route=\/wp\/v2\/posts\/279500","targetHints":{"allow":["GET"]}}],"collection":[{"href":"https:\/\/archive.sana.sy\/tr\/index.php?rest_route=\/wp\/v2\/posts"}],"about":[{"href":"https:\/\/archive.sana.sy\/tr\/index.php?rest_route=\/wp\/v2\/types\/post"}],"author":[{"embeddable":true,"href":"https:\/\/archive.sana.sy\/tr\/index.php?rest_route=\/wp\/v2\/users\/1"}],"replies":[{"embeddable":true,"href":"https:\/\/archive.sana.sy\/tr\/index.php?rest_route=%2Fwp%2Fv2%2Fcomments&post=279500"}],"version-history":[{"count":0,"href":"https:\/\/archive.sana.sy\/tr\/index.php?rest_route=\/wp\/v2\/posts\/279500\/revisions"}],"wp:featuredmedia":[{"embeddable":true,"href":"https:\/\/archive.sana.sy\/tr\/index.php?rest_route=\/wp\/v2\/media\/279501"}],"wp:attachment":[{"href":"https:\/\/archive.sana.sy\/tr\/index.php?rest_route=%2Fwp%2Fv2%2Fmedia&parent=279500"}],"wp:term":[{"taxonomy":"category","embeddable":true,"href":"https:\/\/archive.sana.sy\/tr\/index.php?rest_route=%2Fwp%2Fv2%2Fcategories&post=279500"},{"taxonomy":"post_tag","embeddable":true,"href":"https:\/\/archive.sana.sy\/tr\/index.php?rest_route=%2Fwp%2Fv2%2Ftags&post=279500"}],"curies":[{"name":"wp","href":"https:\/\/api.w.org\/{rel}","templated":true}]}}