{"id":279503,"date":"2023-04-27T18:14:58","date_gmt":"2023-04-27T15:14:58","guid":{"rendered":"http:\/\/sana.sy\/tr\/?p=279503"},"modified":"2023-04-28T14:33:24","modified_gmt":"2023-04-28T11:33:24","slug":"petrol-bakani-cezayir-enerji-bakani-ile-enerji-alaninda-isbirligi-iliskilerini-guclendirmenin-yollarini-ele-aldi","status":"publish","type":"post","link":"https:\/\/archive.sana.sy\/tr\/?p=279503","title":{"rendered":"Petrol Bakan\u0131, Cezayir Enerji Bakan\u0131 \u0130le Enerji Alan\u0131nda \u0130\u015fbirli\u011fi \u0130li\u015fkilerini G\u00fc\u00e7lendirmenin Yollar\u0131n\u0131 Ele Ald\u0131"},"content":{"rendered":"<p style=\"text-align: justify;\"><span style=\"color: #800000;\">CEZAY\u0130R<\/span> &#8211; Petrol ve Maden Kaynaklar\u0131 Bakan\u0131 Dr. Firas Kaddur, Cezayir Enerji ve Maden Bakan\u0131 Muhammed Arkab ile Suriye ve Cezayir aras\u0131ndaki enerji ve madenler alan\u0131ndaki i\u015fbirli\u011fi ili\u015fkilerini g\u00fc\u00e7lendirmenin yollar\u0131n\u0131 g\u00f6r\u00fc\u015ft\u00fc.<\/p>\n<p style=\"text-align: justify;\"><a href=\"http:\/\/sana.sy\/tr\/wp-content\/uploads\/2023\/04\/1-35.jpg\"><img loading=\"lazy\" decoding=\"async\" class=\"alignright size-full wp-image-279505\" src=\"http:\/\/sana.sy\/tr\/wp-content\/uploads\/2023\/04\/1-35.jpg\" alt=\"\" width=\"300\" height=\"200\" \/><\/a>Bug\u00fcn Cezayir&#8217;de ger\u00e7ekle\u015fen g\u00f6r\u00fc\u015fmede Bakanlar Kaddur ve Arkab, hidrokarbon sekt\u00f6r\u00fcnde iki \u00fclke \u015firketleri aras\u0131ndaki i\u015fbirli\u011fi ve yat\u0131r\u0131m f\u0131rsatlar\u0131n\u0131 g\u00f6zden ge\u00e7irdi.<\/p>\n<p style=\"text-align: justify;\">Cezayir \u015firketi Sonatrach ile Suriye petrol \u015firketleri aras\u0131nda deneyim al\u0131\u015fveri\u015finin yollar\u0131 ve ara\u00e7lar\u0131n ele alan iki taraf ayr\u0131ca, petrol ve petrol \u00fcr\u00fcnlerinin pazarlanmas\u0131 ve madencilikte deneyim al\u0131\u015fveri\u015fi alan\u0131nda i\u015fbirli\u011fi f\u0131rsatlar\u0131n\u0131 belirlemenin yan\u0131 s\u0131ra, elektrik \u00fcretimi, iletimi ve da\u011f\u0131t\u0131m\u0131, bak\u0131m\u0131 ve deneyim al\u0131\u015fveri\u015fi alanlar\u0131nda i\u015fbirli\u011fi ve yat\u0131r\u0131m f\u0131rsatlar\u0131n\u0131 g\u00f6r\u00fc\u015ft\u00fc.<\/p>\n<p style=\"text-align: justify;\">\u0130ki bakan, her iki \u00fclkenin de bir\u00e7ok ortak \u00e7\u0131kar alan\u0131nda i\u015fbirli\u011fini geli\u015ftirme y\u00f6n\u00fcndeki ortak arzusunu dile getirerek, bu alanlardaki deneyimlerin payla\u015f\u0131m\u0131 ile bu projeleri sahada ger\u00e7ekle\u015ftirmek amac\u0131 ile ortak teknik \u00e7al\u0131\u015fma gruplar\u0131n\u0131n g\u00f6r\u00fc\u015fme ve toplant\u0131lar\u0131na devam etme isteklerini dile getirdiler.<\/p>\n<div id='gallery-1' class='gallery galleryid-279503 gallery-columns-2 gallery-size-full'><figure class='gallery-item'>\n\t\t\t<div class='gallery-icon landscape'>\n\t\t\t\t<a href='https:\/\/archive.sana.sy\/tr\/wp-content\/uploads\/2023\/04\/2-31.jpg'><img loading=\"lazy\" decoding=\"async\" width=\"660\" height=\"440\" src=\"https:\/\/archive.sana.sy\/tr\/wp-content\/uploads\/2023\/04\/2-31.jpg\" class=\"attachment-full size-full\" alt=\"\" srcset=\"https:\/\/archive.sana.sy\/tr\/wp-content\/uploads\/2023\/04\/2-31.jpg 660w, https:\/\/archive.sana.sy\/tr\/wp-content\/uploads\/2023\/04\/2-31-300x200.jpg 300w\" sizes=\"auto, (max-width: 660px) 100vw, 660px\" \/><\/a>\n\t\t\t<\/div><\/figure><figure class='gallery-item'>\n\t\t\t<div class='gallery-icon landscape'>\n\t\t\t\t<a href='https:\/\/archive.sana.sy\/tr\/wp-content\/uploads\/2023\/04\/22-2.jpg'><img loading=\"lazy\" decoding=\"async\" width=\"660\" height=\"440\" src=\"https:\/\/archive.sana.sy\/tr\/wp-content\/uploads\/2023\/04\/22-2.jpg\" class=\"attachment-full size-full\" alt=\"\" srcset=\"https:\/\/archive.sana.sy\/tr\/wp-content\/uploads\/2023\/04\/22-2.jpg 660w, https:\/\/archive.sana.sy\/tr\/wp-content\/uploads\/2023\/04\/22-2-300x200.jpg 300w\" sizes=\"auto, (max-width: 660px) 100vw, 660px\" \/><\/a>\n\t\t\t<\/div><\/figure><figure class='gallery-item'>\n\t\t\t<div class='gallery-icon landscape'>\n\t\t\t\t<a href='https:\/\/archive.sana.sy\/tr\/wp-content\/uploads\/2023\/04\/33-1.jpg'><img loading=\"lazy\" decoding=\"async\" width=\"660\" height=\"440\" src=\"https:\/\/archive.sana.sy\/tr\/wp-content\/uploads\/2023\/04\/33-1.jpg\" class=\"attachment-full size-full\" alt=\"\" srcset=\"https:\/\/archive.sana.sy\/tr\/wp-content\/uploads\/2023\/04\/33-1.jpg 660w, https:\/\/archive.sana.sy\/tr\/wp-content\/uploads\/2023\/04\/33-1-300x200.jpg 300w\" sizes=\"auto, (max-width: 660px) 100vw, 660px\" \/><\/a>\n\t\t\t<\/div><\/figure><figure class='gallery-item'>\n\t\t\t<div class='gallery-icon landscape'>\n\t\t\t\t<a href='https:\/\/archive.sana.sy\/tr\/wp-content\/uploads\/2023\/04\/44-1.jpg'><img loading=\"lazy\" decoding=\"async\" width=\"660\" height=\"440\" src=\"https:\/\/archive.sana.sy\/tr\/wp-content\/uploads\/2023\/04\/44-1.jpg\" class=\"attachment-full size-full\" alt=\"\" srcset=\"https:\/\/archive.sana.sy\/tr\/wp-content\/uploads\/2023\/04\/44-1.jpg 660w, https:\/\/archive.sana.sy\/tr\/wp-content\/uploads\/2023\/04\/44-1-300x200.jpg 300w\" sizes=\"auto, (max-width: 660px) 100vw, 660px\" \/><\/a>\n\t\t\t<\/div><\/figure>\n\t\t<\/div>\n\n<p><a href=\"https:\/\/t.me\/SuriyeArapHaberAjansI\">Telegram Kanal\u0131m\u0131z\u00a0<\/a><\/p>\n<p><a href=\"https:\/\/www.facebook.com\/SANAHaberAjansi\/\">Facebook Sayfam\u0131z<\/a><\/p>\n","protected":false},"excerpt":{"rendered":"<p>CEZAY\u0130R &#8211; Petrol ve Maden Kaynaklar\u0131 Bakan\u0131 Dr. Firas Kaddur, Cezayir Enerji ve Maden Bakan\u0131 Muhammed Arkab ile Suriye ve Cezayir aras\u0131ndaki enerji ve madenler alan\u0131ndaki i\u015fbirli\u011fi ili\u015fkilerini g\u00fc\u00e7lendirmenin yollar\u0131n\u0131 g\u00f6r\u00fc\u015ft\u00fc. Bug\u00fcn Cezayir&#8217;de ger\u00e7ekle\u015fen g\u00f6r\u00fc\u015fmede Bakanlar Kaddur ve Arkab, hidrokarbon sekt\u00f6r\u00fcnde iki \u00fclke \u015firketleri aras\u0131ndaki i\u015fbirli\u011fi ve yat\u0131r\u0131m f\u0131rsatlar\u0131n\u0131 g\u00f6zden ge\u00e7irdi. Cezayir \u015firketi Sonatrach ile &hellip;<\/p>\n","protected":false},"author":1,"featured_media":279504,"comment_status":"closed","ping_status":"closed","sticky":false,"template":"","format":"standard","meta":{"footnotes":""},"categories":[458,459,17988],"tags":[],"class_list":["post-279503","post","type-post","status-publish","format-standard","has-post-thumbnail","","category-dunya1","category-haberler-arap-uluslararasi-politika","category-son-haberler"],"_links":{"self":[{"href":"https:\/\/archive.sana.sy\/tr\/index.php?rest_route=\/wp\/v2\/posts\/279503","targetHints":{"allow":["GET"]}}],"collection":[{"href":"https:\/\/archive.sana.sy\/tr\/index.php?rest_route=\/wp\/v2\/posts"}],"about":[{"href":"https:\/\/archive.sana.sy\/tr\/index.php?rest_route=\/wp\/v2\/types\/post"}],"author":[{"embeddable":true,"href":"https:\/\/archive.sana.sy\/tr\/index.php?rest_route=\/wp\/v2\/users\/1"}],"replies":[{"embeddable":true,"href":"https:\/\/archive.sana.sy\/tr\/index.php?rest_route=%2Fwp%2Fv2%2Fcomments&post=279503"}],"version-history":[{"count":0,"href":"https:\/\/archive.sana.sy\/tr\/index.php?rest_route=\/wp\/v2\/posts\/279503\/revisions"}],"wp:featuredmedia":[{"embeddable":true,"href":"https:\/\/archive.sana.sy\/tr\/index.php?rest_route=\/wp\/v2\/media\/279504"}],"wp:attachment":[{"href":"https:\/\/archive.sana.sy\/tr\/index.php?rest_route=%2Fwp%2Fv2%2Fmedia&parent=279503"}],"wp:term":[{"taxonomy":"category","embeddable":true,"href":"https:\/\/archive.sana.sy\/tr\/index.php?rest_route=%2Fwp%2Fv2%2Fcategories&post=279503"},{"taxonomy":"post_tag","embeddable":true,"href":"https:\/\/archive.sana.sy\/tr\/index.php?rest_route=%2Fwp%2Fv2%2Ftags&post=279503"}],"curies":[{"name":"wp","href":"https:\/\/api.w.org\/{rel}","templated":true}]}}