{"id":279511,"date":"2023-04-27T15:00:08","date_gmt":"2023-04-27T12:00:08","guid":{"rendered":"http:\/\/sana.sy\/tr\/?p=279511"},"modified":"2023-04-28T14:32:26","modified_gmt":"2023-04-28T11:32:26","slug":"ittihad-ehli-halep-super-ligde-gozunu-liderlige-dikti","status":"publish","type":"post","link":"https:\/\/archive.sana.sy\/tr\/?p=279511","title":{"rendered":"\u0130ttihad Ehli Halep S\u00fcper Lig&#8217;de G\u00f6z\u00fcn\u00fc Liderli\u011fe Dikti"},"content":{"rendered":"<p style=\"text-align: justify;\"><span style=\"color: #800000;\">\u015eAM<\/span> \u2013 S\u00fcper Ligde Vesbe&#8217;yi liderlikten indirdikten sonra yar\u0131n Ceble ile bir araya gelece\u011fi Ceble kap\u0131s\u0131ndan galibiyet serisini s\u00fcrd\u00fcrmek istiyor. Bu haftan\u0131n a\u00e7\u0131l\u0131\u015f ma\u00e7\u0131 bug\u00fcn F\u00fct\u00fcvve ile Vahde aras\u0131nda oynanacak.<\/p>\n<p style=\"text-align: justify;\">D\u00f6rd\u00fcnc\u00fc s\u0131radaki Ceble&#8217;yi Halep Hamadaniye&#8217;de oynayaca\u011f\u0131 zorlu ma\u00e7\u0131 alarak 3 puana ula\u015fmay\u0131\u00a0 ama\u00e7l\u0131yor. Ayr\u0131ca liderin sadece iki puan gerisinde olan Ceble&#8217;de galip gelmek i\u00e7in elinden gelen \u00e7abay\u0131 sarfetmesi bekleniyor.<\/p>\n<p style=\"text-align: justify;\"><a href=\"http:\/\/sana.sy\/tr\/wp-content\/uploads\/2023\/04\/111111.jpg\"><img loading=\"lazy\" decoding=\"async\" class=\"alignright size-full wp-image-279514\" src=\"http:\/\/sana.sy\/tr\/wp-content\/uploads\/2023\/04\/111111.jpg\" alt=\"\" width=\"300\" height=\"200\" \/><\/a>Ge\u00e7en hafta liderli\u011fi elinden ka\u00e7\u0131ran ve bu hafta yenilmesi durumunda liderlikteb iyice uzaklaca\u011f\u0131n\u0131n idrakinde olan Vesbe \u015eam El Cela Stad\u0131nda Mecd tak\u0131m\u0131yla bir araya gelecek. Bunun mukabilinde Mecd tak\u0131m\u0131 son s\u0131rada yer almas\u0131na ra\u011fmen ge\u00e7en hafta oynad\u0131\u011f\u0131 ve Vahde tak\u0131m\u0131n\u0131 3-2 ma\u011flup etmenin maneviyat\u0131yla ma\u00e7a \u00e7\u0131kmas\u0131 bekleniyor.<\/p>\n<p style=\"text-align: justify;\">Lazkiye el Basil Stad\u0131nda da Te\u015frin, alt\u0131nc\u0131 s\u0131radan \u00fcst s\u0131ralara y\u00fckselmek i\u00e7in Talia ile bir araya gelece\u011fi ma\u00e7\u0131 kazanmas\u0131 gerekiyor.<\/p>\n<p style=\"text-align: justify;\">Homs el Basil Stad\u0131nda ise m\u00fctevazi sonu\u00e7lar\u0131yla tak\u0131m\u0131 yedinci s\u0131rada olan El Kerame seyircisinin de g\u00fcvenini kazanmas\u0131 i\u00e7in Ordu ile kar\u015f\u0131 kar\u015f\u0131ya gelecek ve 3 puan\u0131 almak i\u00e7in b\u00fcy\u00fck u\u011fra\u015flar verece\u011fi a\u015fikar.<\/p>\n<p><a href=\"https:\/\/t.me\/SuriyeArapHaberAjansI\">Telegram Kanal\u0131m\u0131z\u00a0<\/a><\/p>\n<p><a href=\"https:\/\/www.facebook.com\/SANAHaberAjansi\/\">Facebook Sayfam\u0131z<\/a><\/p>\n","protected":false},"excerpt":{"rendered":"<p>\u015eAM \u2013 S\u00fcper Ligde Vesbe&#8217;yi liderlikten indirdikten sonra yar\u0131n Ceble ile bir araya gelece\u011fi Ceble kap\u0131s\u0131ndan galibiyet serisini s\u00fcrd\u00fcrmek istiyor. Bu haftan\u0131n a\u00e7\u0131l\u0131\u015f ma\u00e7\u0131 bug\u00fcn F\u00fct\u00fcvve ile Vahde aras\u0131nda oynanacak. D\u00f6rd\u00fcnc\u00fc s\u0131radaki Ceble&#8217;yi Halep Hamadaniye&#8217;de oynayaca\u011f\u0131 zorlu ma\u00e7\u0131 alarak 3 puana ula\u015fmay\u0131\u00a0 ama\u00e7l\u0131yor. Ayr\u0131ca liderin sadece iki puan gerisinde olan Ceble&#8217;de galip gelmek i\u00e7in elinden &hellip;<\/p>\n","protected":false},"author":1,"featured_media":279513,"comment_status":"closed","ping_status":"closed","sticky":false,"template":"","format":"standard","meta":{"footnotes":""},"categories":[17988,496],"tags":[],"class_list":["post-279511","post","type-post","status-publish","format-standard","has-post-thumbnail","","category-son-haberler","category-spor"],"_links":{"self":[{"href":"https:\/\/archive.sana.sy\/tr\/index.php?rest_route=\/wp\/v2\/posts\/279511","targetHints":{"allow":["GET"]}}],"collection":[{"href":"https:\/\/archive.sana.sy\/tr\/index.php?rest_route=\/wp\/v2\/posts"}],"about":[{"href":"https:\/\/archive.sana.sy\/tr\/index.php?rest_route=\/wp\/v2\/types\/post"}],"author":[{"embeddable":true,"href":"https:\/\/archive.sana.sy\/tr\/index.php?rest_route=\/wp\/v2\/users\/1"}],"replies":[{"embeddable":true,"href":"https:\/\/archive.sana.sy\/tr\/index.php?rest_route=%2Fwp%2Fv2%2Fcomments&post=279511"}],"version-history":[{"count":0,"href":"https:\/\/archive.sana.sy\/tr\/index.php?rest_route=\/wp\/v2\/posts\/279511\/revisions"}],"wp:featuredmedia":[{"embeddable":true,"href":"https:\/\/archive.sana.sy\/tr\/index.php?rest_route=\/wp\/v2\/media\/279513"}],"wp:attachment":[{"href":"https:\/\/archive.sana.sy\/tr\/index.php?rest_route=%2Fwp%2Fv2%2Fmedia&parent=279511"}],"wp:term":[{"taxonomy":"category","embeddable":true,"href":"https:\/\/archive.sana.sy\/tr\/index.php?rest_route=%2Fwp%2Fv2%2Fcategories&post=279511"},{"taxonomy":"post_tag","embeddable":true,"href":"https:\/\/archive.sana.sy\/tr\/index.php?rest_route=%2Fwp%2Fv2%2Ftags&post=279511"}],"curies":[{"name":"wp","href":"https:\/\/api.w.org\/{rel}","templated":true}]}}