{"id":279516,"date":"2023-04-27T18:49:29","date_gmt":"2023-04-27T15:49:29","guid":{"rendered":"http:\/\/sana.sy\/tr\/?p=279516"},"modified":"2023-04-28T14:34:27","modified_gmt":"2023-04-28T11:34:27","slug":"mikdad-ummanli-mevkidasiyla-iki-kardes-ulke-arasindaki-ikili-iliskileri-gelistirme-yollarini-gorustu","status":"publish","type":"post","link":"https:\/\/archive.sana.sy\/tr\/?p=279516","title":{"rendered":"Mikdad Ummanl\u0131 Mevkida\u015f\u0131yla \u0130ki Karde\u015f \u00dclke Aras\u0131ndaki \u0130kili \u0130li\u015fkileri Geli\u015ftirme Yollar\u0131n\u0131 G\u00f6r\u00fc\u015ft\u00fc"},"content":{"rendered":"<p style=\"text-align: justify;\"><span style=\"color: #800000;\">\u015eAM<\/span> &#8211; D\u0131\u015fi\u015fleri ve Gurbet\u00e7iler Bakan\u0131 Dr. Faysal Mikdad, Umman Sultanl\u0131\u011f\u0131 D\u0131\u015fi\u015fleri Bakan\u0131 Badr bin Hamad Al Busaidi ile bug\u00fcn yapt\u0131\u011f\u0131 telefon g\u00f6r\u00fc\u015fmesinde, \u00e7e\u015fitli alanlarda iki \u00fclke aras\u0131ndaki ikili ili\u015fkileri geli\u015ftirmeye devam etmenin \u00f6nemini ele alarak, iki taraf b\u00f6lgedeki son geli\u015fmeleri g\u00f6r\u00fc\u015ft\u00fc.<\/p>\n<p style=\"text-align: justify;\">Bakan Mikdad, \u00f6zellikle Cumhurba\u015fkan\u0131 Be\u015f\u015far Esad&#8217;\u0131n yak\u0131n zamanda Umman Sultanl\u0131\u011f\u0131&#8217;na yapt\u0131\u011f\u0131 ziyaretin ard\u0131ndan, Suriye&#8217;nin iki karde\u015f \u00fclke aras\u0131ndaki mevcut ili\u015fkilerin seviyesinden duydu\u011fu memnuniyeti dile getirdi.<\/p>\n<p style=\"text-align: justify;\">\u0130ki bakan ayr\u0131ca, ortak ilgi alanlar\u0131na giren konular\u0131 ve geli\u015fmeleri tart\u0131\u015fmak i\u00e7in s\u00fcrekli olarak ileti\u015fim kurma konusunda da mutab\u0131k kald\u0131.<\/p>\n<p><a href=\"https:\/\/t.me\/SuriyeArapHaberAjansI\">Telegram Kanal\u0131m\u0131z\u00a0<\/a><\/p>\n<p><a href=\"https:\/\/www.facebook.com\/SANAHaberAjansi\/\">Facebook Sayfam\u0131z<\/a><\/p>\n","protected":false},"excerpt":{"rendered":"<p>\u015eAM &#8211; D\u0131\u015fi\u015fleri ve Gurbet\u00e7iler Bakan\u0131 Dr. Faysal Mikdad, Umman Sultanl\u0131\u011f\u0131 D\u0131\u015fi\u015fleri Bakan\u0131 Badr bin Hamad Al Busaidi ile bug\u00fcn yapt\u0131\u011f\u0131 telefon g\u00f6r\u00fc\u015fmesinde, \u00e7e\u015fitli alanlarda iki \u00fclke aras\u0131ndaki ikili ili\u015fkileri geli\u015ftirmeye devam etmenin \u00f6nemini ele alarak, iki taraf b\u00f6lgedeki son geli\u015fmeleri g\u00f6r\u00fc\u015ft\u00fc. Bakan Mikdad, \u00f6zellikle Cumhurba\u015fkan\u0131 Be\u015f\u015far Esad&#8217;\u0131n yak\u0131n zamanda Umman Sultanl\u0131\u011f\u0131&#8217;na yapt\u0131\u011f\u0131 ziyaretin ard\u0131ndan, &hellip;<\/p>\n","protected":false},"author":1,"featured_media":279519,"comment_status":"closed","ping_status":"closed","sticky":false,"template":"","format":"standard","meta":{"footnotes":""},"categories":[458,459,17988],"tags":[],"class_list":["post-279516","post","type-post","status-publish","format-standard","has-post-thumbnail","","category-dunya1","category-haberler-arap-uluslararasi-politika","category-son-haberler"],"_links":{"self":[{"href":"https:\/\/archive.sana.sy\/tr\/index.php?rest_route=\/wp\/v2\/posts\/279516","targetHints":{"allow":["GET"]}}],"collection":[{"href":"https:\/\/archive.sana.sy\/tr\/index.php?rest_route=\/wp\/v2\/posts"}],"about":[{"href":"https:\/\/archive.sana.sy\/tr\/index.php?rest_route=\/wp\/v2\/types\/post"}],"author":[{"embeddable":true,"href":"https:\/\/archive.sana.sy\/tr\/index.php?rest_route=\/wp\/v2\/users\/1"}],"replies":[{"embeddable":true,"href":"https:\/\/archive.sana.sy\/tr\/index.php?rest_route=%2Fwp%2Fv2%2Fcomments&post=279516"}],"version-history":[{"count":0,"href":"https:\/\/archive.sana.sy\/tr\/index.php?rest_route=\/wp\/v2\/posts\/279516\/revisions"}],"wp:featuredmedia":[{"embeddable":true,"href":"https:\/\/archive.sana.sy\/tr\/index.php?rest_route=\/wp\/v2\/media\/279519"}],"wp:attachment":[{"href":"https:\/\/archive.sana.sy\/tr\/index.php?rest_route=%2Fwp%2Fv2%2Fmedia&parent=279516"}],"wp:term":[{"taxonomy":"category","embeddable":true,"href":"https:\/\/archive.sana.sy\/tr\/index.php?rest_route=%2Fwp%2Fv2%2Fcategories&post=279516"},{"taxonomy":"post_tag","embeddable":true,"href":"https:\/\/archive.sana.sy\/tr\/index.php?rest_route=%2Fwp%2Fv2%2Ftags&post=279516"}],"curies":[{"name":"wp","href":"https:\/\/api.w.org\/{rel}","templated":true}]}}