{"id":279521,"date":"2023-04-27T18:59:32","date_gmt":"2023-04-27T15:59:32","guid":{"rendered":"http:\/\/sana.sy\/tr\/?p=279521"},"modified":"2023-04-28T14:36:11","modified_gmt":"2023-04-28T11:36:11","slug":"tunus-cumhurbaskani-mohamed-al-mahdhabiyi-ulkesinin-suriyede-olaganustu-buyukelcisi-olarak-atadi","status":"publish","type":"post","link":"https:\/\/archive.sana.sy\/tr\/?p=279521","title":{"rendered":"Tunus Cumhurba\u015fkan\u0131, Mohamed Al-Mahdhabi&#8217;yi \u00dclkesinin Suriye&#8217;de Ola\u011fan\u00fcst\u00fc B\u00fcy\u00fckel\u00e7isi Olarak Atad\u0131"},"content":{"rendered":"<p style=\"text-align: justify;\"><span style=\"color: #800000;\">TUNUS<\/span> -Tunus Cumhurba\u015fkan\u0131 Kays Suayyid, Mohamed Al Mahdhabi&#8217;yi bug\u00fcn Tunus&#8217;un Suriye&#8217;deki Ola\u011fan\u00fcst\u00fc B\u00fcy\u00fckel\u00e7isi olarak atad\u0131.<\/p>\n<p style=\"text-align: justify;\">Tunus Cumhurba\u015fkanl\u0131\u011f\u0131&#8217;ndan yap\u0131lan a\u00e7\u0131klamada, Ba\u015fkan Suayyid&#8217;in Kartaca Saray\u0131&#8217;nda Tunus Cumhuriyeti&#8217;nin Suriye Arap Cumhuriyeti Ola\u011fan\u00fcst\u00fc ve Tam Yetkili B\u00fcy\u00fckel\u00e7isi olarak Muhammed El Mahdhabi&#8217;ye g\u00fcven mektubunun teslimine nezaret etti\u011fini belirtti.<\/p>\n<p style=\"text-align: justify;\">Al Mahdhabi&#8217;nin atama t\u00f6renine Tunus D\u0131\u015fi\u015fleri ve Gurbet\u00e7iler Bakan\u0131 Nabil Ammar kat\u0131ld\u0131.<\/p>\n<p style=\"text-align: justify;\">Cumhurba\u015fkan\u0131 Suayyid, ge\u00e7en hafta Tunus&#8217;ta D\u0131\u015fi\u015fleri ve Gurbet\u00e7iler Bakan\u0131 Dr. Faysal Mikdad ile yapt\u0131\u011f\u0131 g\u00f6r\u00fc\u015fmede, Arap \u00fclkelerinin kar\u015f\u0131 kar\u015f\u0131ya oldu\u011fu t\u00fcm zorluklar kar\u015f\u0131s\u0131nda Arap pozisyonlar\u0131n\u0131 birle\u015ftirmenin \u00f6nemini vurgulad\u0131.<\/p>\n<p style=\"text-align: justify;\">Suayyid, Tunus&#8217;un tutumunun t\u00fcm Arap \u00fclkelerinin egemenli\u011fini ve ba\u011f\u0131ms\u0131zl\u0131\u011f\u0131n\u0131 ve Arap-Arap ili\u015fkilerinin anla\u015fma seviyelerine geri d\u00f6nd\u00fcr\u00fclmesi ve bu ulusun halk\u0131n\u0131 birle\u015ftiren \u00f6nceliklere sayg\u0131 g\u00f6sterilmesi konusunda oldu\u011funu ve kalaca\u011f\u0131n\u0131 vurgulad\u0131.<\/p>\n<p style=\"text-align: justify;\">Bilinece\u011fi \u00fczere Tunus D\u0131\u015fi\u015fleri Bakan\u0131 Nebil Ammar, bu ay\u0131n ba\u015flar\u0131nda Bakan Mikdad ile yapt\u0131\u011f\u0131 telefon g\u00f6r\u00fc\u015fmesinde Tunus y\u00f6netiminin \u015eam&#8217;daki Tunus B\u00fcy\u00fckel\u00e7ili\u011fi&#8217;nin temsilini g\u00fc\u00e7lendirme ve ba\u015f\u0131na bir b\u00fcy\u00fckel\u00e7i atama karar\u0131n\u0131 iletmi\u015fti.<\/p>\n<div id='gallery-1' class='gallery galleryid-279521 gallery-columns-2 gallery-size-full'><figure class='gallery-item'>\n\t\t\t<div class='gallery-icon landscape'>\n\t\t\t\t<a href='https:\/\/archive.sana.sy\/tr\/wp-content\/uploads\/2023\/04\/Untitled-6-copy-6-300x196-1.jpg'><img loading=\"lazy\" decoding=\"async\" width=\"300\" height=\"196\" src=\"https:\/\/archive.sana.sy\/tr\/wp-content\/uploads\/2023\/04\/Untitled-6-copy-6-300x196-1.jpg\" class=\"attachment-full size-full\" alt=\"\" \/><\/a>\n\t\t\t<\/div><\/figure><figure class='gallery-item'>\n\t\t\t<div class='gallery-icon landscape'>\n\t\t\t\t<a href='https:\/\/archive.sana.sy\/tr\/wp-content\/uploads\/2023\/04\/Untitled-7-copy-5-300x200-2.jpg'><img loading=\"lazy\" decoding=\"async\" width=\"300\" height=\"200\" src=\"https:\/\/archive.sana.sy\/tr\/wp-content\/uploads\/2023\/04\/Untitled-7-copy-5-300x200-2.jpg\" class=\"attachment-full size-full\" alt=\"\" \/><\/a>\n\t\t\t<\/div><\/figure>\n\t\t<\/div>\n\n<p><a href=\"https:\/\/t.me\/SuriyeArapHaberAjansI\">Telegram Kanal\u0131m\u0131z\u00a0<\/a><\/p>\n<p><a href=\"https:\/\/www.facebook.com\/SANAHaberAjansi\/\">Facebook Sayfam\u0131z<\/a><\/p>\n","protected":false},"excerpt":{"rendered":"<p>TUNUS -Tunus Cumhurba\u015fkan\u0131 Kays Suayyid, Mohamed Al Mahdhabi&#8217;yi bug\u00fcn Tunus&#8217;un Suriye&#8217;deki Ola\u011fan\u00fcst\u00fc B\u00fcy\u00fckel\u00e7isi olarak atad\u0131. Tunus Cumhurba\u015fkanl\u0131\u011f\u0131&#8217;ndan yap\u0131lan a\u00e7\u0131klamada, Ba\u015fkan Suayyid&#8217;in Kartaca Saray\u0131&#8217;nda Tunus Cumhuriyeti&#8217;nin Suriye Arap Cumhuriyeti Ola\u011fan\u00fcst\u00fc ve Tam Yetkili B\u00fcy\u00fckel\u00e7isi olarak Muhammed El Mahdhabi&#8217;ye g\u00fcven mektubunun teslimine nezaret etti\u011fini belirtti. Al Mahdhabi&#8217;nin atama t\u00f6renine Tunus D\u0131\u015fi\u015fleri ve Gurbet\u00e7iler Bakan\u0131 Nabil Ammar kat\u0131ld\u0131. &hellip;<\/p>\n","protected":false},"author":1,"featured_media":279523,"comment_status":"closed","ping_status":"closed","sticky":false,"template":"","format":"standard","meta":{"footnotes":""},"categories":[458,459,17988],"tags":[],"class_list":["post-279521","post","type-post","status-publish","format-standard","has-post-thumbnail","","category-dunya1","category-haberler-arap-uluslararasi-politika","category-son-haberler"],"_links":{"self":[{"href":"https:\/\/archive.sana.sy\/tr\/index.php?rest_route=\/wp\/v2\/posts\/279521","targetHints":{"allow":["GET"]}}],"collection":[{"href":"https:\/\/archive.sana.sy\/tr\/index.php?rest_route=\/wp\/v2\/posts"}],"about":[{"href":"https:\/\/archive.sana.sy\/tr\/index.php?rest_route=\/wp\/v2\/types\/post"}],"author":[{"embeddable":true,"href":"https:\/\/archive.sana.sy\/tr\/index.php?rest_route=\/wp\/v2\/users\/1"}],"replies":[{"embeddable":true,"href":"https:\/\/archive.sana.sy\/tr\/index.php?rest_route=%2Fwp%2Fv2%2Fcomments&post=279521"}],"version-history":[{"count":0,"href":"https:\/\/archive.sana.sy\/tr\/index.php?rest_route=\/wp\/v2\/posts\/279521\/revisions"}],"wp:featuredmedia":[{"embeddable":true,"href":"https:\/\/archive.sana.sy\/tr\/index.php?rest_route=\/wp\/v2\/media\/279523"}],"wp:attachment":[{"href":"https:\/\/archive.sana.sy\/tr\/index.php?rest_route=%2Fwp%2Fv2%2Fmedia&parent=279521"}],"wp:term":[{"taxonomy":"category","embeddable":true,"href":"https:\/\/archive.sana.sy\/tr\/index.php?rest_route=%2Fwp%2Fv2%2Fcategories&post=279521"},{"taxonomy":"post_tag","embeddable":true,"href":"https:\/\/archive.sana.sy\/tr\/index.php?rest_route=%2Fwp%2Fv2%2Ftags&post=279521"}],"curies":[{"name":"wp","href":"https:\/\/api.w.org\/{rel}","templated":true}]}}